{"id":1029,"date":"2021-09-30T14:02:00","date_gmt":"2021-09-30T12:02:00","guid":{"rendered":"https:\/\/ndp-enghien.org\/mag\/?p=1029"},"modified":"2022-01-24T12:08:10","modified_gmt":"2022-01-24T11:08:10","slug":"sortie-philharmonie-de-paris","status":"publish","type":"post","link":"https:\/\/ndp-enghien.org\/mag\/index.php\/2021\/09\/30\/sortie-philharmonie-de-paris\/","title":{"rendered":"Sortie Philharmonie de Paris"},"content":{"rendered":"\n<p>C\u2019est \u00e0 la Philharmonie de Paris que les 5<sup>e<\/sup> 3 et 5<sup>e<\/sup>4 ont pu d\u00e9couvrir, jeudi 30 septembre, une exposition des photographies de Sebastiao Salgado sur le Br\u00e9sil des origines. Dans une semi-obscurit\u00e9, l\u2019exposition plongeait les visiteurs dans les sons de la for\u00eat Amazonienne (bruits de la faune et la flore et chants aborig\u00e8nes), une cr\u00e9ation musicale par Jean-Michel Jarre, pour une exp\u00e9rience immersive compl\u00e8te. Les \u00e9l\u00e8ves n\u2019ont pas manqu\u00e9 de d\u00e9couvrir avec \u00e9merveillement les paysages \u00e9poustouflants de la for\u00eat vierge et des clich\u00e9s t\u00e9moignant de la culture des tribus aborig\u00e8nes.<\/p>\n\n\n\n<figure class=\"wp-block-image size-large is-resized\"><img loading=\"lazy\" decoding=\"async\" src=\"https:\/\/ndp-enghien.org\/mag\/wp-content\/uploads\/2022\/01\/camera-1130731_1920-1-1024x768.jpg\" alt=\"\" class=\"wp-image-1056\" width=\"1045\" height=\"784\" srcset=\"https:\/\/ndp-enghien.org\/mag\/wp-content\/uploads\/2022\/01\/camera-1130731_1920-1-1024x768.jpg 1024w, https:\/\/ndp-enghien.org\/mag\/wp-content\/uploads\/2022\/01\/camera-1130731_1920-1-300x225.jpg 300w, https:\/\/ndp-enghien.org\/mag\/wp-content\/uploads\/2022\/01\/camera-1130731_1920-1-768x576.jpg 768w, https:\/\/ndp-enghien.org\/mag\/wp-content\/uploads\/2022\/01\/camera-1130731_1920-1-1536x1152.jpg 1536w, https:\/\/ndp-enghien.org\/mag\/wp-content\/uploads\/2022\/01\/camera-1130731_1920-1.jpg 1920w\" sizes=\"auto, (max-width: 1045px) 100vw, 1045px\" \/><\/figure>\n\n\n\n<p>Le but de cette visite \u00e9tait de nourrir l\u2019imagination des \u00e9l\u00e8ves qui r\u00e9digeaient, en cours de fran\u00e7ais, un journal de bord dans la peau d\u2019un explorateur d\u00e9couvrant la terre du Br\u00e9sil. Ils avaient d\u00e9j\u00e0 imagin\u00e9 ce que pouvait \u00eatre la travers\u00e9e de l\u2019Atlantique en cette premi\u00e8re moiti\u00e9 du XVIe si\u00e8cle. Les clich\u00e9s de Sebastiao Salgado les ont donc particuli\u00e8rement aid\u00e9s \u00e0 imaginer la rencontre avec les peuples vivants dans la for\u00eat et les d\u00e9crire. Cette sortie scolaire aura inspir\u00e9 les 5<sup>e<\/sup> qui ont fait preuve d\u2019inventivit\u00e9 dans leur journal de bord fictif. Remerciements aux six professeurs accompagnateurs. <\/p>\n\n\n\n<figure class=\"wp-block-image size-full is-resized\"><img loading=\"lazy\" decoding=\"async\" src=\"https:\/\/ndp-enghien.org\/mag\/wp-content\/uploads\/2022\/01\/Image-sortie-philiharmonie-1.jpg\" alt=\"\" class=\"wp-image-1031\" width=\"1141\" height=\"761\" srcset=\"https:\/\/ndp-enghien.org\/mag\/wp-content\/uploads\/2022\/01\/Image-sortie-philiharmonie-1.jpg 625w, https:\/\/ndp-enghien.org\/mag\/wp-content\/uploads\/2022\/01\/Image-sortie-philiharmonie-1-300x200.jpg 300w\" sizes=\"auto, (max-width: 1141px) 100vw, 1141px\" \/><\/figure>\n\n\n\n<p><\/p>\n","protected":false},"excerpt":{"rendered":"<p>C\u2019est \u00e0 la Philharmonie de Paris que les 5e 3 et 5e4 ont pu d\u00e9couvrir, jeudi 30 septembre, une exposition<\/p>\n","protected":false},"author":1,"featured_media":1034,"comment_status":"closed","ping_status":"closed","sticky":false,"template":"","format":"standard","meta":{"colormag_page_container_layout":"default_layout","colormag_page_sidebar_layout":"default_layout","footnotes":""},"categories":[8],"tags":[],"class_list":["post-1029","post","type-post","status-publish","format-standard","has-post-thumbnail","hentry","category-sorties"],"_links":{"self":[{"href":"https:\/\/ndp-enghien.org\/mag\/index.php\/wp-json\/wp\/v2\/posts\/1029","targetHints":{"allow":["GET"]}}],"collection":[{"href":"https:\/\/ndp-enghien.org\/mag\/index.php\/wp-json\/wp\/v2\/posts"}],"about":[{"href":"https:\/\/ndp-enghien.org\/mag\/index.php\/wp-json\/wp\/v2\/types\/post"}],"author":[{"embeddable":true,"href":"https:\/\/ndp-enghien.org\/mag\/index.php\/wp-json\/wp\/v2\/users\/1"}],"replies":[{"embeddable":true,"href":"https:\/\/ndp-enghien.org\/mag\/index.php\/wp-json\/wp\/v2\/comments?post=1029"}],"version-history":[{"count":4,"href":"https:\/\/ndp-enghien.org\/mag\/index.php\/wp-json\/wp\/v2\/posts\/1029\/revisions"}],"predecessor-version":[{"id":1058,"href":"https:\/\/ndp-enghien.org\/mag\/index.php\/wp-json\/wp\/v2\/posts\/1029\/revisions\/1058"}],"wp:featuredmedia":[{"embeddable":true,"href":"https:\/\/ndp-enghien.org\/mag\/index.php\/wp-json\/wp\/v2\/media\/1034"}],"wp:attachment":[{"href":"https:\/\/ndp-enghien.org\/mag\/index.php\/wp-json\/wp\/v2\/media?parent=1029"}],"wp:term":[{"taxonomy":"category","embeddable":true,"href":"https:\/\/ndp-enghien.org\/mag\/index.php\/wp-json\/wp\/v2\/categories?post=1029"},{"taxonomy":"post_tag","embeddable":true,"href":"https:\/\/ndp-enghien.org\/mag\/index.php\/wp-json\/wp\/v2\/tags?post=1029"}],"curies":[{"name":"wp","href":"https:\/\/api.w.org\/{rel}","templated":true}]}}