{"id":266,"date":"2019-05-21T11:16:00","date_gmt":"2019-05-21T09:16:00","guid":{"rendered":"http:\/\/ndp-enghien.org\/mag\/?p=266"},"modified":"2020-07-20T14:38:49","modified_gmt":"2020-07-20T12:38:49","slug":"memorial-de-la-shoah-drancy-3e1-3e8","status":"publish","type":"post","link":"https:\/\/ndp-enghien.org\/mag\/index.php\/2019\/05\/21\/memorial-de-la-shoah-drancy-3e1-3e8\/","title":{"rendered":"M\u00e9morial de la Shoah Drancy &#8211; 3e1-3e8"},"content":{"rendered":"\n<p>Le mardi 21 mai apr\u00e8s-midi, les 3.1 et les 3.8 se sont rendus au M\u00e9morial de la Shoah, site de Drancy, inaugur\u00e9 en 2012.<\/p>\n\n\n\n<p>Dans un premier temps nous avons vu la Cit\u00e9 de la Muette&nbsp;: ce \u00ab&nbsp;grand ensemble&nbsp;\u00bb, le premier construit en France, dans les ann\u00e9es 1930, est constitu\u00e9 de trois barres d\u2019immeubles en fer \u00e0 cheval qui abritent des logements sociaux transform\u00e9s en septembre 1939 en camp d\u2019internement pour les Allemands et Autrichiens pr\u00e9sents sur le sol fran\u00e7ais, puis devenu \u00e0 partir de l\u2019Occupation camp de prisonniers pour les Fran\u00e7ais et Britanniques, avant de se transformer en \u00ab&nbsp;antichambre d\u2019Auschwitz-Birkenau&nbsp;\u00bb, camp de transit pour les Juifs rafl\u00e9s \u00e0 partir d\u2019ao\u00fbt 1941. Ces immeubles, vides car trop chers \u00e0 la veille de la guerre, sont aujourd\u2019hui occup\u00e9s par plusieurs centaines de personnes qui vivent dans les 464 appartements. Un wagon \u00e0 bestiaux, utilis\u00e9 pour la d\u00e9portation vers la Pologne, rappelle que c\u2019est de la gare de Bobigny toute proche que partaient les convois, et notamment le convoi 71 du 13 avril 1944 dans lequel se trouvaient Simone Veil, sa s\u0153ur Milou et sa m\u00e8re Yvonne, ainsi que Marceline Loridan-Ivens, sa future amie d\u2019une vie.<\/p>\n\n\n\n<p>Un deuxi\u00e8me temps dans le mus\u00e9e nous a permis de revenir sur la politique antijuive du r\u00e9gime de Vichy. Cette visite \u00e9mouvante et riche a permis de rappeler que 75&nbsp;000 Juifs de France ont \u00e9t\u00e9 d\u00e9port\u00e9s et seuls 2&nbsp;500 sont revenus. Alors que 60&nbsp;000 Fran\u00e7ais juifs ont quitt\u00e9 l\u2019\u00cele-de-France ces dix derni\u00e8res ann\u00e9es pour cause d\u2019ins\u00e9curit\u00e9 ressentie, rappeler le martyre subi par cette communaut\u00e9 n\u2019est pas inutile\u2026<\/p>\n\n\n\n<p>Je remercie mes coll\u00e8gues, Mesdames Leroy, Mljadenovic, Thomas et Valat, de m\u2019avoir accompagn\u00e9e dans ce projet.&nbsp; &nbsp;&nbsp;<\/p>\n\n\n\n<p>Mme Buffet, professeur d\u2019histoire et g\u00e9ographie en 3.1 et 3.8.<\/p>\n","protected":false},"excerpt":{"rendered":"<p>Le mardi 21 mai apr\u00e8s-midi, les 3.1 et les 3.8 se sont rendus au M\u00e9morial de la Shoah, site de<\/p>\n","protected":false},"author":1,"featured_media":267,"comment_status":"closed","ping_status":"closed","sticky":false,"template":"","format":"standard","meta":{"colormag_page_container_layout":"default_layout","colormag_page_sidebar_layout":"default_layout","footnotes":""},"categories":[8],"tags":[],"class_list":["post-266","post","type-post","status-publish","format-standard","has-post-thumbnail","hentry","category-sorties"],"_links":{"self":[{"href":"https:\/\/ndp-enghien.org\/mag\/index.php\/wp-json\/wp\/v2\/posts\/266","targetHints":{"allow":["GET"]}}],"collection":[{"href":"https:\/\/ndp-enghien.org\/mag\/index.php\/wp-json\/wp\/v2\/posts"}],"about":[{"href":"https:\/\/ndp-enghien.org\/mag\/index.php\/wp-json\/wp\/v2\/types\/post"}],"author":[{"embeddable":true,"href":"https:\/\/ndp-enghien.org\/mag\/index.php\/wp-json\/wp\/v2\/users\/1"}],"replies":[{"embeddable":true,"href":"https:\/\/ndp-enghien.org\/mag\/index.php\/wp-json\/wp\/v2\/comments?post=266"}],"version-history":[{"count":1,"href":"https:\/\/ndp-enghien.org\/mag\/index.php\/wp-json\/wp\/v2\/posts\/266\/revisions"}],"predecessor-version":[{"id":268,"href":"https:\/\/ndp-enghien.org\/mag\/index.php\/wp-json\/wp\/v2\/posts\/266\/revisions\/268"}],"wp:featuredmedia":[{"embeddable":true,"href":"https:\/\/ndp-enghien.org\/mag\/index.php\/wp-json\/wp\/v2\/media\/267"}],"wp:attachment":[{"href":"https:\/\/ndp-enghien.org\/mag\/index.php\/wp-json\/wp\/v2\/media?parent=266"}],"wp:term":[{"taxonomy":"category","embeddable":true,"href":"https:\/\/ndp-enghien.org\/mag\/index.php\/wp-json\/wp\/v2\/categories?post=266"},{"taxonomy":"post_tag","embeddable":true,"href":"https:\/\/ndp-enghien.org\/mag\/index.php\/wp-json\/wp\/v2\/tags?post=266"}],"curies":[{"name":"wp","href":"https:\/\/api.w.org\/{rel}","templated":true}]}}