{"id":3290,"date":"2023-11-24T09:22:58","date_gmt":"2023-11-24T08:22:58","guid":{"rendered":"https:\/\/ndp-enghien.org\/mag\/?p=3290"},"modified":"2024-03-19T14:35:52","modified_gmt":"2024-03-19T13:35:52","slug":"sortie-a-albert-dans-la-somme","status":"publish","type":"post","link":"https:\/\/ndp-enghien.org\/mag\/index.php\/2023\/11\/24\/sortie-a-albert-dans-la-somme\/","title":{"rendered":"Sortie \u00e0 Albert dans la Somme"},"content":{"rendered":"\n<p>Les \u00e9l\u00e8ves de 3<sup>e<\/sup>4, ont fait une sortie \u00e0 Albert dans la Somme. Cette sortie a \u00e9t\u00e9 organis\u00e9e par Mme Barthe et accompagn\u00e9e par Mme Sieber.<\/p>\n\n\n\n<div class=\"wp-block-media-text is-stacked-on-mobile\" style=\"grid-template-columns:47% auto\"><figure class=\"wp-block-media-text__media\"><img loading=\"lazy\" decoding=\"async\" width=\"1024\" height=\"954\" src=\"http:\/\/ndp-enghien.org\/mag\/wp-content\/uploads\/2024\/03\/eleves-dans-le-musee-1-1024x954.jpeg\" alt=\"\" class=\"wp-image-3309 size-full\" srcset=\"https:\/\/ndp-enghien.org\/mag\/wp-content\/uploads\/2024\/03\/eleves-dans-le-musee-1-1024x954.jpeg 1024w, https:\/\/ndp-enghien.org\/mag\/wp-content\/uploads\/2024\/03\/eleves-dans-le-musee-1-300x279.jpeg 300w, https:\/\/ndp-enghien.org\/mag\/wp-content\/uploads\/2024\/03\/eleves-dans-le-musee-1-768x716.jpeg 768w, https:\/\/ndp-enghien.org\/mag\/wp-content\/uploads\/2024\/03\/eleves-dans-le-musee-1.jpeg 1536w\" sizes=\"auto, (max-width: 1024px) 100vw, 1024px\" \/><\/figure><div class=\"wp-block-media-text__content\">\n<p>Le matin, nous avons commenc\u00e9 par la visite du Mus\u00e9e Somme 1916 situ\u00e9 au c\u0153ur des batailles de la Somme (1916). Il retrace la vie des soldats dans les tranch\u00e9es lors de l\u2019offensive franco\/britannique de 1916. <\/p>\n\n\n\n<p>C\u2019est \u00e0 10 m\u00e8tres sous terre sur 250 m\u00e8tres de long que les \u00e9l\u00e8ves ont pu d\u00e9couvrir des sc\u00e8nes tr\u00e8s r\u00e9alistes de la vie quotidienne des soldats aussi bien Fran\u00e7ais, Britanniques ou Allemands ainsi que les nombreuses armes utilis\u00e9es pendant la Premi\u00e8re Guerre mondiale (1914\/1918).<\/p>\n<\/div><\/div>\n\n\n\n<p><\/p>\n\n\n\n<p><\/p>\n\n\n\n<div class=\"wp-block-media-text has-media-on-the-right is-stacked-on-mobile\"><div class=\"wp-block-media-text__content\">\n<p>Puis, la journ\u00e9e s\u2019est poursuivie avec le circuit du souvenir de la bataille de la Somme d&rsquo;Albert. <\/p>\n\n\n\n<p>Un guide nous a rejoint dans le car pour nous faire d\u00e9couvrir les principaux sites des <em>champs de bataille de la Somme<\/em> : les vestiges de la grande mine de La Boisselle, le <strong><em>M\u00e9morial franco-britannique<\/em><\/strong>\u00a0\u00e0 Thiepval, et les vestiges des tranch\u00e9es du M\u00e9morial terre-neuvien de Beaumont Hamel (en territoire Canadien). <\/p>\n\n\n\n<p>Tr\u00e8s belle journ\u00e9e, appr\u00e9ci\u00e9e de tous.<\/p>\n<\/div><figure class=\"wp-block-media-text__media\"><img loading=\"lazy\" decoding=\"async\" width=\"1024\" height=\"768\" src=\"http:\/\/ndp-enghien.org\/mag\/wp-content\/uploads\/2024\/03\/Tranchee-Memorial-Beaumont-Hamel-1024x768.jpeg\" alt=\"\" class=\"wp-image-3300 size-full\" srcset=\"https:\/\/ndp-enghien.org\/mag\/wp-content\/uploads\/2024\/03\/Tranchee-Memorial-Beaumont-Hamel-1024x768.jpeg 1024w, https:\/\/ndp-enghien.org\/mag\/wp-content\/uploads\/2024\/03\/Tranchee-Memorial-Beaumont-Hamel-300x225.jpeg 300w, https:\/\/ndp-enghien.org\/mag\/wp-content\/uploads\/2024\/03\/Tranchee-Memorial-Beaumont-Hamel-768x576.jpeg 768w, https:\/\/ndp-enghien.org\/mag\/wp-content\/uploads\/2024\/03\/Tranchee-Memorial-Beaumont-Hamel-1536x1152.jpeg 1536w, https:\/\/ndp-enghien.org\/mag\/wp-content\/uploads\/2024\/03\/Tranchee-Memorial-Beaumont-Hamel.jpeg 2048w\" sizes=\"auto, (max-width: 1024px) 100vw, 1024px\" \/><\/figure><\/div>\n\n\n\n<p><\/p>\n\n\n\n<p><\/p>\n\n\n\n<figure class=\"wp-block-gallery has-nested-images columns-default is-cropped wp-block-gallery-1 is-layout-flex wp-block-gallery-is-layout-flex\">\n<figure class=\"wp-block-image size-large\"><img loading=\"lazy\" decoding=\"async\" width=\"768\" height=\"1024\" data-id=\"3297\" src=\"https:\/\/ndp-enghien.org\/mag\/wp-content\/uploads\/2024\/03\/entree-du-Musee-768x1024.jpeg\" alt=\"\" class=\"wp-image-3297\" srcset=\"https:\/\/ndp-enghien.org\/mag\/wp-content\/uploads\/2024\/03\/entree-du-Musee-768x1024.jpeg 768w, https:\/\/ndp-enghien.org\/mag\/wp-content\/uploads\/2024\/03\/entree-du-Musee-225x300.jpeg 225w, https:\/\/ndp-enghien.org\/mag\/wp-content\/uploads\/2024\/03\/entree-du-Musee-1152x1536.jpeg 1152w, https:\/\/ndp-enghien.org\/mag\/wp-content\/uploads\/2024\/03\/entree-du-Musee.jpeg 1536w\" sizes=\"auto, (max-width: 768px) 100vw, 768px\" \/><figcaption class=\"wp-element-caption\">L&rsquo;entr\u00e9e du mus\u00e9e<\/figcaption><\/figure>\n\n\n\n<figure class=\"wp-block-image size-large\"><img loading=\"lazy\" decoding=\"async\" width=\"768\" height=\"1024\" data-id=\"3298\" src=\"https:\/\/ndp-enghien.org\/mag\/wp-content\/uploads\/2024\/03\/Memorial-de-Thiepval-768x1024.jpeg\" alt=\"\" class=\"wp-image-3298\" srcset=\"https:\/\/ndp-enghien.org\/mag\/wp-content\/uploads\/2024\/03\/Memorial-de-Thiepval-768x1024.jpeg 768w, https:\/\/ndp-enghien.org\/mag\/wp-content\/uploads\/2024\/03\/Memorial-de-Thiepval-225x300.jpeg 225w, https:\/\/ndp-enghien.org\/mag\/wp-content\/uploads\/2024\/03\/Memorial-de-Thiepval-1152x1536.jpeg 1152w, https:\/\/ndp-enghien.org\/mag\/wp-content\/uploads\/2024\/03\/Memorial-de-Thiepval.jpeg 1536w\" sizes=\"auto, (max-width: 768px) 100vw, 768px\" \/><figcaption class=\"wp-element-caption\">M\u00e9morial de Thiepval<\/figcaption><\/figure>\n\n\n\n<figure class=\"wp-block-image size-large\"><img loading=\"lazy\" decoding=\"async\" width=\"1024\" height=\"768\" data-id=\"3299\" src=\"https:\/\/ndp-enghien.org\/mag\/wp-content\/uploads\/2024\/03\/Mine-de-la-Boissele-1024x768.jpeg\" alt=\"\" class=\"wp-image-3299\" srcset=\"https:\/\/ndp-enghien.org\/mag\/wp-content\/uploads\/2024\/03\/Mine-de-la-Boissele-1024x768.jpeg 1024w, https:\/\/ndp-enghien.org\/mag\/wp-content\/uploads\/2024\/03\/Mine-de-la-Boissele-300x225.jpeg 300w, https:\/\/ndp-enghien.org\/mag\/wp-content\/uploads\/2024\/03\/Mine-de-la-Boissele-768x576.jpeg 768w, https:\/\/ndp-enghien.org\/mag\/wp-content\/uploads\/2024\/03\/Mine-de-la-Boissele-1536x1152.jpeg 1536w, https:\/\/ndp-enghien.org\/mag\/wp-content\/uploads\/2024\/03\/Mine-de-la-Boissele.jpeg 2048w\" sizes=\"auto, (max-width: 1024px) 100vw, 1024px\" \/><figcaption class=\"wp-element-caption\">Mine de la Boissele<\/figcaption><\/figure>\n<\/figure>\n","protected":false},"excerpt":{"rendered":"<p>Les \u00e9l\u00e8ves de 3e4, ont fait une sortie \u00e0 Albert dans la Somme. Cette sortie a \u00e9t\u00e9 organis\u00e9e par Mme<\/p>\n","protected":false},"author":1,"featured_media":3295,"comment_status":"closed","ping_status":"closed","sticky":false,"template":"","format":"standard","meta":{"colormag_page_container_layout":"default_layout","colormag_page_sidebar_layout":"default_layout","footnotes":""},"categories":[8],"tags":[],"class_list":["post-3290","post","type-post","status-publish","format-standard","has-post-thumbnail","hentry","category-sorties"],"_links":{"self":[{"href":"https:\/\/ndp-enghien.org\/mag\/index.php\/wp-json\/wp\/v2\/posts\/3290","targetHints":{"allow":["GET"]}}],"collection":[{"href":"https:\/\/ndp-enghien.org\/mag\/index.php\/wp-json\/wp\/v2\/posts"}],"about":[{"href":"https:\/\/ndp-enghien.org\/mag\/index.php\/wp-json\/wp\/v2\/types\/post"}],"author":[{"embeddable":true,"href":"https:\/\/ndp-enghien.org\/mag\/index.php\/wp-json\/wp\/v2\/users\/1"}],"replies":[{"embeddable":true,"href":"https:\/\/ndp-enghien.org\/mag\/index.php\/wp-json\/wp\/v2\/comments?post=3290"}],"version-history":[{"count":11,"href":"https:\/\/ndp-enghien.org\/mag\/index.php\/wp-json\/wp\/v2\/posts\/3290\/revisions"}],"predecessor-version":[{"id":3310,"href":"https:\/\/ndp-enghien.org\/mag\/index.php\/wp-json\/wp\/v2\/posts\/3290\/revisions\/3310"}],"wp:featuredmedia":[{"embeddable":true,"href":"https:\/\/ndp-enghien.org\/mag\/index.php\/wp-json\/wp\/v2\/media\/3295"}],"wp:attachment":[{"href":"https:\/\/ndp-enghien.org\/mag\/index.php\/wp-json\/wp\/v2\/media?parent=3290"}],"wp:term":[{"taxonomy":"category","embeddable":true,"href":"https:\/\/ndp-enghien.org\/mag\/index.php\/wp-json\/wp\/v2\/categories?post=3290"},{"taxonomy":"post_tag","embeddable":true,"href":"https:\/\/ndp-enghien.org\/mag\/index.php\/wp-json\/wp\/v2\/tags?post=3290"}],"curies":[{"name":"wp","href":"https:\/\/api.w.org\/{rel}","templated":true}]}}