{"id":3499,"date":"2024-03-07T09:13:41","date_gmt":"2024-03-07T08:13:41","guid":{"rendered":"https:\/\/ndp-enghien.org\/mag\/?p=3499"},"modified":"2024-05-02T09:14:52","modified_gmt":"2024-05-02T07:14:52","slug":"decouverte-de-la-philharmonie-de-paris","status":"publish","type":"post","link":"https:\/\/ndp-enghien.org\/mag\/index.php\/2024\/03\/07\/decouverte-de-la-philharmonie-de-paris\/","title":{"rendered":"D\u00e9couverte de la Philharmonie de Paris"},"content":{"rendered":"\n<p>Le 7 mars, les \u00e9l\u00e8ves de premi\u00e8re et terminale HLP se sont rendus \u00e0 la Philharmonie de Paris.<\/p>\n\n\n\n<p>Apr\u00e8s une rapide visite de la m\u00e9diath\u00e8que de la Cit\u00e9 de la musique, ils ont pu assister \u00e0 une conf\u00e9rence philosophique pr\u00e9parant au concert suivant. L&rsquo;acoustique des salles ainsi que l&rsquo;exp\u00e9rience musicale ont pu \u00eatre \u00e9voqu\u00e9es, suivies par un moment d&rsquo;\u00e9change et d&rsquo;\u00e9coute sur les oeuvres du concert o\u00f9 deux compositeurs russes \u00e9taient mis \u00e0 l\u2019honneur : le Concerto pour piano No. 2 de Serge Rachmaninoff et la Symphonie n\u00b011 \u00ab L&rsquo;Ann\u00e9e 1905 \u00bb de Dimitri Chostakovitch.<\/p>\n\n\n\n<p>La salle \u00e9tait tr\u00e8s impressionnante, surtout du point de vue des balcons, o\u00f9 nous \u00e9tions situ\u00e9s. Le pianiste et le chef d\u2019orchestre ont aussi \u00e9t\u00e9 admirables, notamment par leur tr\u00e8s jeune \u00e2ge. Ce fut une tr\u00e8s bonne premi\u00e8re exp\u00e9rience pour la grande majorit\u00e9 d\u2019entre nous, qui n\u2019avions jamais eu l\u2019occasion d\u2019assister \u00e0 une repr\u00e9sentation orchestrale ; il a vraiment \u00e9t\u00e9 possible de se rendre compte de la difficult\u00e9 technique qui se cache derri\u00e8re ce type de repr\u00e9sentation.<\/p>\n\n\n\n<p>Article d&rsquo;Eva Maldonaldo, \u00e9l\u00e8ve de 1<sup>\u00e8re<\/sup>&nbsp;option HLP (Humanit\u00e9s, litt\u00e9rature et philosophie)<\/p>\n","protected":false},"excerpt":{"rendered":"<p>Le 7 mars, les \u00e9l\u00e8ves de premi\u00e8re et terminale HLP se sont rendus \u00e0 la Philharmonie de Paris. Apr\u00e8s une<\/p>\n","protected":false},"author":1,"featured_media":3500,"comment_status":"closed","ping_status":"closed","sticky":false,"template":"","format":"standard","meta":{"colormag_page_container_layout":"default_layout","colormag_page_sidebar_layout":"default_layout","footnotes":""},"categories":[8],"tags":[],"class_list":["post-3499","post","type-post","status-publish","format-standard","has-post-thumbnail","hentry","category-sorties"],"_links":{"self":[{"href":"https:\/\/ndp-enghien.org\/mag\/index.php\/wp-json\/wp\/v2\/posts\/3499","targetHints":{"allow":["GET"]}}],"collection":[{"href":"https:\/\/ndp-enghien.org\/mag\/index.php\/wp-json\/wp\/v2\/posts"}],"about":[{"href":"https:\/\/ndp-enghien.org\/mag\/index.php\/wp-json\/wp\/v2\/types\/post"}],"author":[{"embeddable":true,"href":"https:\/\/ndp-enghien.org\/mag\/index.php\/wp-json\/wp\/v2\/users\/1"}],"replies":[{"embeddable":true,"href":"https:\/\/ndp-enghien.org\/mag\/index.php\/wp-json\/wp\/v2\/comments?post=3499"}],"version-history":[{"count":4,"href":"https:\/\/ndp-enghien.org\/mag\/index.php\/wp-json\/wp\/v2\/posts\/3499\/revisions"}],"predecessor-version":[{"id":3504,"href":"https:\/\/ndp-enghien.org\/mag\/index.php\/wp-json\/wp\/v2\/posts\/3499\/revisions\/3504"}],"wp:featuredmedia":[{"embeddable":true,"href":"https:\/\/ndp-enghien.org\/mag\/index.php\/wp-json\/wp\/v2\/media\/3500"}],"wp:attachment":[{"href":"https:\/\/ndp-enghien.org\/mag\/index.php\/wp-json\/wp\/v2\/media?parent=3499"}],"wp:term":[{"taxonomy":"category","embeddable":true,"href":"https:\/\/ndp-enghien.org\/mag\/index.php\/wp-json\/wp\/v2\/categories?post=3499"},{"taxonomy":"post_tag","embeddable":true,"href":"https:\/\/ndp-enghien.org\/mag\/index.php\/wp-json\/wp\/v2\/tags?post=3499"}],"curies":[{"name":"wp","href":"https:\/\/api.w.org\/{rel}","templated":true}]}}