{"id":4912,"date":"2024-12-02T10:49:03","date_gmt":"2024-12-02T09:49:03","guid":{"rendered":"https:\/\/ndp-enghien.org\/mag\/?p=4912"},"modified":"2024-12-19T10:52:29","modified_gmt":"2024-12-19T09:52:29","slug":"visite-au-salon-du-livre-de-montreuil","status":"publish","type":"post","link":"https:\/\/ndp-enghien.org\/mag\/index.php\/2024\/12\/02\/visite-au-salon-du-livre-de-montreuil\/","title":{"rendered":"Salon du livre de Montreuil"},"content":{"rendered":"<p style=\"text-align: justify;\">Le lundi 2 d\u00e9cembre 2024, les \u00e9l\u00e8ves de 6<sup>e<\/sup>1 et de 6<sup>e<\/sup>2 ont eu l\u2019opportunit\u00e9 de rencontrer l\u2019autrice Susie MORGENSTERN au salon du livre de Montreuil, ayant ouvert ses portes de la 40<sup>e<\/sup> ann\u00e9e d\u2019exposition \u00e0 l\u2019adresse 128, rue de Paris.<\/p>\n<p>Notre p\u00e9rip\u00e9tie a d\u00e9but\u00e9 ce matin pluvieux mais heureux du 2 d\u00e9cembre o\u00f9 nous nous sommes rassembl\u00e9s dans la cour des sixi\u00e8mes \u00e0 11 heures. Nous nous sommes dirig\u00e9s vers le Rond-Point du 8 mai 1945, \u00e0 Enghien-les-Bains, en compagnie des professeurs et des deux documentalistes du CDI du coll\u00e8ge.<\/p>\n<p style=\"text-align: justify;\">\u00a0\u00a0 Les cars nous ayant d\u00e9pos\u00e9s \u00e0 quelques rues du site d\u2019exposition, nous avons march\u00e9 vers le grand b\u00e2timent orange o\u00f9 nous avons \u00e9t\u00e9 accueillis par Sophie CASTELNEAU, la charg\u00e9e d\u2019accueil des groupes qui nous a accompagn\u00e9s vers la salle o\u00f9 les \u00e9l\u00e8ves ont rencontr\u00e9 avec beaucoup d\u2019enthousiasme l\u2019autrice d\u2019origine am\u00e9ricaine Susie MORGENSTERN (auteure contemporaine de 160 livres environ) dont ils ont lu le livre \u00ab La sixi\u00e8me \u00bb, publi\u00e9 en 1984 la premi\u00e8re fois, ayant donc 40 ans, tout comme le salon du livre. \u00a0<\/p>\n<p style=\"text-align: justify;\">Les \u00e9l\u00e8ves ont pos\u00e9 diff\u00e9rentes questions sur son parcours de vie, sur sa carri\u00e8re d\u2019\u00e9crivaine. L\u2019autrice a mentionn\u00e9 avec beaucoup d\u2019humour qu\u2019au tout d\u00e9but, \u00e9tant arriv\u00e9e en France, elle ne parlait pas un mot de fran\u00e7ais et qu\u2019elle faisait le signe d\u2019au-revoir aux gens en leur disant \u00ab\u00a0Allez-vous en [\u2026]\u00a0\u00bb.<\/p>\n\n\n<div class=\"wp-block-media-text is-stacked-on-mobile\"><figure class=\"wp-block-media-text__media\"><img loading=\"lazy\" decoding=\"async\" width=\"1024\" height=\"910\" src=\"http:\/\/ndp-enghien.org\/mag\/wp-content\/uploads\/2024\/12\/Rencontre-avec-Susie-MORGENSTERN-5-1-1024x910.jpg\" alt=\"\" class=\"wp-image-4924 size-full\" srcset=\"https:\/\/ndp-enghien.org\/mag\/wp-content\/uploads\/2024\/12\/Rencontre-avec-Susie-MORGENSTERN-5-1-1024x910.jpg 1024w, https:\/\/ndp-enghien.org\/mag\/wp-content\/uploads\/2024\/12\/Rencontre-avec-Susie-MORGENSTERN-5-1-300x267.jpg 300w, https:\/\/ndp-enghien.org\/mag\/wp-content\/uploads\/2024\/12\/Rencontre-avec-Susie-MORGENSTERN-5-1-768x682.jpg 768w, https:\/\/ndp-enghien.org\/mag\/wp-content\/uploads\/2024\/12\/Rencontre-avec-Susie-MORGENSTERN-5-1-1536x1365.jpg 1536w, https:\/\/ndp-enghien.org\/mag\/wp-content\/uploads\/2024\/12\/Rencontre-avec-Susie-MORGENSTERN-5-1-2048x1820.jpg 2048w\" sizes=\"auto, (max-width: 1024px) 100vw, 1024px\" \/><\/figure><div class=\"wp-block-media-text__content\">\n<p>Elle a \u00e9galement parl\u00e9 de sa motivation de l\u2019\u00e9criture de son livre \u00ab\u00a0La sixi\u00e8me\u00a0\u00bb, retra\u00e7ant la vie de sa fille Maya (Margot dans le livre) qui rentrant \u00e0 la maison, s\u2019\u00e9tait plainte du coll\u00e8ge en pleurant \u00ab\u00a0Mamaan\u00a0[\u2026]\u00a0\u00bb, ensuite, apr\u00e8s avoir appris qu\u2019un livre biographique avait \u00e9t\u00e9 r\u00e9dig\u00e9, avait culpabilis\u00e9 sa m\u00e8re en lui disant\u00a0: \u00ab\u00a0Tu as vol\u00e9 ma vie pour ta gloire\u00a0\u00bb.<\/p>\n<\/div><\/div>\n\n\n\n<div style=\"height:42px\" aria-hidden=\"true\" class=\"wp-block-spacer\"><\/div>\n\n\n<p style=\"text-align: justify;\">Suite aux \u00e9changes des questions-r\u00e9ponses et des d\u00e9dicaces des livres, les \u00e9l\u00e8ves des deux classes ont pu visiter le salon et acheter des livres (y compris des mangas), en attendant la rencontre des \u00e9l\u00e8ves de 6e2 \u00e0 15h.<\/p>\n<p style=\"text-align: justify;\">Durant la deuxi\u00e8me rencontre, l\u2019autrice a \u00e9voqu\u00e9 sa vie \u00e0 Nice, elle a parl\u00e9 d\u2019autres livres, comme \u00ab Joker \u00bb, \u00ab Lettres d\u2019amour de 0 \u00e0 10 \u00bb, \u00ab La gr\u00e8ve du p\u00e8re No\u00ebl \u00bb, de sa passion pour les \u00e9nonc\u00e9s, les onomatop\u00e9es, l\u2019habitude d\u2019\u00e9crire des livres avec les membres de sa famille, son travail d\u2019\u00e9crivaine du matin au soir, ainsi que des 104 marches de l\u2019escalier de sa maison, qu\u2019elle monte avec ses valises et ses cartables, en disant : \u00ab J\u2019aime la vie, la vie est belle, j\u2019adore la vie, oui, c\u2019est super \u00bb. Et \u00e0 la fin, \u00ab Je n\u2019aime pas du tout la vie [\u2026] \u00bb.<\/p>\n<p>A l\u2019issue de cette belle rencontre marquante, nous nous sommes dirig\u00e9s vers les cars pour rentrer au coll\u00e8ge. Un grand merci au personnel administratif pour l\u2019autorisation de cette sortie et la r\u00e9servation des cars, merci \u00e0 Madame Aur\u00e9lie BRECHARD, \u00e0 Monsieur R\u00e9mi ROGER DE GARDELLE, \u00e0 Madame Leslie PASTOR, \u00e0 Monsieur Walid NSAIRI et \u00e0 toute l\u2019\u00e9quipe de la vie scolaire des sixi\u00e8mes, \u00e0 Madame Elzbieta HABCHI et \u00e0 Madame SALESSY pour leur pr\u00e9cieux accompagnement.<\/p>\n<p>A nos jeunes de d\u00e9couvrir d\u2019autres livres et d\u2019autres rencontres int\u00e9ressantes dans le cadre des salons du livre \u00e0 venir.<\/p>\n\n\n<p>Liana KECHICHIAN, professeure responsable.<\/p>\n\n\n\n<figure class=\"wp-block-image aligncenter size-full\"><img loading=\"lazy\" decoding=\"async\" width=\"422\" height=\"621\" src=\"http:\/\/ndp-enghien.org\/mag\/wp-content\/uploads\/2024\/12\/Image2-3.jpg\" alt=\"\" class=\"wp-image-4963\" srcset=\"https:\/\/ndp-enghien.org\/mag\/wp-content\/uploads\/2024\/12\/Image2-3.jpg 422w, https:\/\/ndp-enghien.org\/mag\/wp-content\/uploads\/2024\/12\/Image2-3-204x300.jpg 204w\" sizes=\"auto, (max-width: 422px) 100vw, 422px\" \/><\/figure>\n","protected":false},"excerpt":{"rendered":"<p>Le lundi 2 d\u00e9cembre 2024, les \u00e9l\u00e8ves de 6e1 et de 6e2 ont eu l\u2019opportunit\u00e9 de rencontrer l\u2019autrice Susie MORGENSTERN<\/p>\n","protected":false},"author":1,"featured_media":4959,"comment_status":"closed","ping_status":"closed","sticky":false,"template":"","format":"standard","meta":{"colormag_page_container_layout":"default_layout","colormag_page_sidebar_layout":"default_layout","footnotes":""},"categories":[8],"tags":[],"class_list":["post-4912","post","type-post","status-publish","format-standard","has-post-thumbnail","hentry","category-sorties"],"_links":{"self":[{"href":"https:\/\/ndp-enghien.org\/mag\/index.php\/wp-json\/wp\/v2\/posts\/4912","targetHints":{"allow":["GET"]}}],"collection":[{"href":"https:\/\/ndp-enghien.org\/mag\/index.php\/wp-json\/wp\/v2\/posts"}],"about":[{"href":"https:\/\/ndp-enghien.org\/mag\/index.php\/wp-json\/wp\/v2\/types\/post"}],"author":[{"embeddable":true,"href":"https:\/\/ndp-enghien.org\/mag\/index.php\/wp-json\/wp\/v2\/users\/1"}],"replies":[{"embeddable":true,"href":"https:\/\/ndp-enghien.org\/mag\/index.php\/wp-json\/wp\/v2\/comments?post=4912"}],"version-history":[{"count":35,"href":"https:\/\/ndp-enghien.org\/mag\/index.php\/wp-json\/wp\/v2\/posts\/4912\/revisions"}],"predecessor-version":[{"id":5000,"href":"https:\/\/ndp-enghien.org\/mag\/index.php\/wp-json\/wp\/v2\/posts\/4912\/revisions\/5000"}],"wp:featuredmedia":[{"embeddable":true,"href":"https:\/\/ndp-enghien.org\/mag\/index.php\/wp-json\/wp\/v2\/media\/4959"}],"wp:attachment":[{"href":"https:\/\/ndp-enghien.org\/mag\/index.php\/wp-json\/wp\/v2\/media?parent=4912"}],"wp:term":[{"taxonomy":"category","embeddable":true,"href":"https:\/\/ndp-enghien.org\/mag\/index.php\/wp-json\/wp\/v2\/categories?post=4912"},{"taxonomy":"post_tag","embeddable":true,"href":"https:\/\/ndp-enghien.org\/mag\/index.php\/wp-json\/wp\/v2\/tags?post=4912"}],"curies":[{"name":"wp","href":"https:\/\/api.w.org\/{rel}","templated":true}]}}