{"id":526,"date":"2019-11-22T13:40:00","date_gmt":"2019-11-22T12:40:00","guid":{"rendered":"http:\/\/ndp-enghien.org\/mag\/?p=526"},"modified":"2021-06-15T11:10:51","modified_gmt":"2021-06-15T09:10:51","slug":"voyage-a-verdun","status":"publish","type":"post","link":"https:\/\/ndp-enghien.org\/mag\/index.php\/2019\/11\/22\/voyage-a-verdun\/","title":{"rendered":"Sur les traces des poilus"},"content":{"rendered":"\n<p class=\"has-text-align-center\"><strong>Verdun\u202f: sur les traces des Poilus avec les \u00e9l\u00e8ves de 3<sup>\u00e8me<\/sup> 8 et 3<sup>\u00e8me<\/sup>9<\/strong>\u00a0<\/p>\n\n\n\n<p class=\"has-text-align-center\"><strong><em>Sortie organis\u00e9e par Mme Rieb le 22 novembre 2019.\u00a0<\/em><\/strong>\u00a0<\/p>\n\n\n\n<p><\/p>\n\n\n\n<p><\/p>\n\n\n\n<p>Dans le cadre du programme d\u2019histoire sur la Premi\u00e8re guerre mondiale, les \u00e9l\u00e8ves de 3<sup>\u00e8me<\/sup>8 et 3<sup>\u00e8me<\/sup>9 ont eu l\u2019occasion de d\u00e9couvrir le site historique de Verdun. Cette sortie a \u00e9t\u00e9 rendue possible par les accompagnateurs suivants, que je remercie ici : M. Huon, Mme Haocas, M. Cordier et Mme Rieb.\u00a0\u00a0<\/p>\n\n\n\n<p><\/p>\n\n\n\n<div style=\"height:20px\" aria-hidden=\"true\" class=\"wp-block-spacer\"><\/div>\n\n\n\n<div class=\"wp-block-image\"><figure class=\"aligncenter size-large is-resized\"><img loading=\"lazy\" decoding=\"async\" src=\"http:\/\/ndp-enghien.org\/mag\/wp-content\/uploads\/2020\/07\/Photo-3-1024x768.jpeg\" alt=\"\" class=\"wp-image-529\" width=\"434\" height=\"323\"\/><\/figure><\/div>\n\n\n\n<div style=\"height:20px\" aria-hidden=\"true\" class=\"wp-block-spacer\"><\/div>\n\n\n\n<p>Le programme de la journ\u00e9e a \u00e9t\u00e9 rythm\u00e9 par les explications passionn\u00e9es de nos guides. Nous avons d\u00e9but\u00e9 par la visite de la citadelle souterraine organis\u00e9e par un circuit en v\u00e9hicule autoguid\u00e9, anim\u00e9e par des effets sonores, des images virtuelles et des reconstitutions. Plong\u00e9s dans l\u2019univers poignant de 1916, nous avons rev\u00e9cu les sc\u00e8nes de la vie quotidienne des Poilus.&nbsp;&nbsp;<\/p>\n\n\n\n<div style=\"height:20px\" aria-hidden=\"true\" class=\"wp-block-spacer\"><\/div>\n\n\n\n<div class=\"wp-block-image\"><figure class=\"aligncenter size-large is-resized\"><img loading=\"lazy\" decoding=\"async\" src=\"http:\/\/ndp-enghien.org\/mag\/wp-content\/uploads\/2020\/07\/Photo-2-1-1024x768.jpg\" alt=\"\" class=\"wp-image-528\" width=\"458\" height=\"344\" srcset=\"https:\/\/ndp-enghien.org\/mag\/wp-content\/uploads\/2020\/07\/Photo-2-1-1024x768.jpg 1024w, https:\/\/ndp-enghien.org\/mag\/wp-content\/uploads\/2020\/07\/Photo-2-1-300x225.jpg 300w, https:\/\/ndp-enghien.org\/mag\/wp-content\/uploads\/2020\/07\/Photo-2-1-768x576.jpg 768w, https:\/\/ndp-enghien.org\/mag\/wp-content\/uploads\/2020\/07\/Photo-2-1.jpg 1280w\" sizes=\"auto, (max-width: 458px) 100vw, 458px\" \/><\/figure><\/div>\n\n\n\n<div style=\"height:20px\" aria-hidden=\"true\" class=\"wp-block-spacer\"><\/div>\n\n\n\n<p>Apr\u00e8s cette immersion dans l\u2019univers de la Grande guerre, les \u00e9l\u00e8ves ont \u00e9t\u00e9 guid\u00e9s vers le fort de Douaumont et son ossuaire impressionnant, compos\u00e9 des restes de 130\u202f000 soldats non identifi\u00e9s. La solennit\u00e9 du lieu et son caract\u00e8re m\u00e9moriel ont donn\u00e9, \u00e0 ce moment, une dimension particuli\u00e8rement \u00e9motionnelle.\u00a0<\/p>\n\n\n\n<div class=\"wp-block-image\"><figure class=\"alignright size-large is-resized\"><img loading=\"lazy\" decoding=\"async\" src=\"http:\/\/ndp-enghien.org\/mag\/wp-content\/uploads\/2020\/07\/Photo-5-1024x768.jpeg\" alt=\"\" class=\"wp-image-531\" width=\"351\" height=\"265\"\/><\/figure><\/div>\n\n\n\n<figure class=\"wp-block-image size-large is-resized\"><img loading=\"lazy\" decoding=\"async\" src=\"http:\/\/ndp-enghien.org\/mag\/wp-content\/uploads\/2020\/07\/Photo-4-1024x768.jpeg\" alt=\"\" class=\"wp-image-530\" width=\"399\" height=\"299\" srcset=\"https:\/\/ndp-enghien.org\/mag\/wp-content\/uploads\/2020\/07\/Photo-4-1024x768.jpeg 1024w, https:\/\/ndp-enghien.org\/mag\/wp-content\/uploads\/2020\/07\/Photo-4-300x225.jpeg 300w, https:\/\/ndp-enghien.org\/mag\/wp-content\/uploads\/2020\/07\/Photo-4-768x576.jpeg 768w, https:\/\/ndp-enghien.org\/mag\/wp-content\/uploads\/2020\/07\/Photo-4-1536x1152.jpeg 1536w, https:\/\/ndp-enghien.org\/mag\/wp-content\/uploads\/2020\/07\/Photo-4-2048x1536.jpeg 2048w\" sizes=\"auto, (max-width: 399px) 100vw, 399px\" \/><\/figure>\n\n\n\n<p>Les diff\u00e9rents d\u00e9placements au cours de la journ\u00e9e, r\u00e9alis\u00e9s en autocar, ont \u00e9galement permis de d\u00e9couvrir les stigmates de la guerre de position. Nous avons marqu\u00e9 un temps d\u2019arr\u00eat pr\u00e8s de l\u2019ancien village de Fleury. Les ruines apparentes, les cicatrices au sol laiss\u00e9es par les impacts d\u2019obus, nous ont laiss\u00e9s imaginer l\u2019enfer et le chaos v\u00e9cus par les hommes en 1916. Les \u00e9l\u00e8ves ont pris la mesure de la vie quotidienne des soldats et de l\u2019univers destructeur dans lequel ils ont \u00e9volu\u00e9. Nos deux guides, particuli\u00e8rement investis, nous ont fait revivre les grands moments de ce lieu charg\u00e9 d\u2019histoire.\u00a0\u00a0<\/p>\n\n\n\n<p><\/p>\n\n\n\n<p>Cette journ\u00e9e s\u2019est achev\u00e9e par la diffusion d\u2019un court-m\u00e9trage, \u00ab\u202fles hommes de boue\u202f\u00bb, dans une salle situ\u00e9e sous l\u2019ossuaire de Douaumont\u202f: une synth\u00e8se parfaite pour cl\u00f4turer cette journ\u00e9e bien remplie.&nbsp;<\/p>\n","protected":false},"excerpt":{"rendered":"<p>Verdun\u202f: sur les traces des Poilus avec les \u00e9l\u00e8ves de 3\u00e8me 8 et 3\u00e8me9\u00a0 Sortie organis\u00e9e par Mme Rieb le<\/p>\n","protected":false},"author":1,"featured_media":527,"comment_status":"closed","ping_status":"closed","sticky":false,"template":"","format":"standard","meta":{"colormag_page_container_layout":"default_layout","colormag_page_sidebar_layout":"default_layout","footnotes":""},"categories":[6],"tags":[],"class_list":["post-526","post","type-post","status-publish","format-standard","has-post-thumbnail","hentry","category-voyages"],"_links":{"self":[{"href":"https:\/\/ndp-enghien.org\/mag\/index.php\/wp-json\/wp\/v2\/posts\/526","targetHints":{"allow":["GET"]}}],"collection":[{"href":"https:\/\/ndp-enghien.org\/mag\/index.php\/wp-json\/wp\/v2\/posts"}],"about":[{"href":"https:\/\/ndp-enghien.org\/mag\/index.php\/wp-json\/wp\/v2\/types\/post"}],"author":[{"embeddable":true,"href":"https:\/\/ndp-enghien.org\/mag\/index.php\/wp-json\/wp\/v2\/users\/1"}],"replies":[{"embeddable":true,"href":"https:\/\/ndp-enghien.org\/mag\/index.php\/wp-json\/wp\/v2\/comments?post=526"}],"version-history":[{"count":12,"href":"https:\/\/ndp-enghien.org\/mag\/index.php\/wp-json\/wp\/v2\/posts\/526\/revisions"}],"predecessor-version":[{"id":686,"href":"https:\/\/ndp-enghien.org\/mag\/index.php\/wp-json\/wp\/v2\/posts\/526\/revisions\/686"}],"wp:featuredmedia":[{"embeddable":true,"href":"https:\/\/ndp-enghien.org\/mag\/index.php\/wp-json\/wp\/v2\/media\/527"}],"wp:attachment":[{"href":"https:\/\/ndp-enghien.org\/mag\/index.php\/wp-json\/wp\/v2\/media?parent=526"}],"wp:term":[{"taxonomy":"category","embeddable":true,"href":"https:\/\/ndp-enghien.org\/mag\/index.php\/wp-json\/wp\/v2\/categories?post=526"},{"taxonomy":"post_tag","embeddable":true,"href":"https:\/\/ndp-enghien.org\/mag\/index.php\/wp-json\/wp\/v2\/tags?post=526"}],"curies":[{"name":"wp","href":"https:\/\/api.w.org\/{rel}","templated":true}]}}