{"id":5322,"date":"2025-02-14T15:09:40","date_gmt":"2025-02-14T14:09:40","guid":{"rendered":"https:\/\/ndp-enghien.org\/mag\/?p=5322"},"modified":"2025-03-04T15:24:44","modified_gmt":"2025-03-04T14:24:44","slug":"projet-arts-college-et-creation-numerique","status":"publish","type":"post","link":"https:\/\/ndp-enghien.org\/mag\/index.php\/2025\/02\/14\/projet-arts-college-et-creation-numerique\/","title":{"rendered":"Projet\u00a0Arts, coll\u00e8ge et cr\u00e9ation num\u00e9rique"},"content":{"rendered":"\n<p>Pour la 5\u00e8me ann\u00e9e cons\u00e9cutive, les classes de 6\u00e85, 6\u00e86 et 6\u00e87 ont particip\u00e9 au projet&nbsp;<em>Arts, coll\u00e8ge et cr\u00e9ation num\u00e9rique aujourd\u2019hui<\/em>. Ayant pour ambition de sensibiliser les \u00e9l\u00e8ves \u00e0 la cr\u00e9ation num\u00e9rique contemporaine, celui-ci s\u2019est d\u00e9roul\u00e9 en trois temps forts. <\/p>\n\n\n\n<div class=\"wp-block-media-text is-stacked-on-mobile\"><figure class=\"wp-block-media-text__media\"><img loading=\"lazy\" decoding=\"async\" width=\"768\" height=\"1024\" src=\"http:\/\/ndp-enghien.org\/mag\/wp-content\/uploads\/2025\/03\/Projet-numerique-1-768x1024.jpg\" alt=\"\" class=\"wp-image-5326 size-full\" srcset=\"https:\/\/ndp-enghien.org\/mag\/wp-content\/uploads\/2025\/03\/Projet-numerique-1-768x1024.jpg 768w, https:\/\/ndp-enghien.org\/mag\/wp-content\/uploads\/2025\/03\/Projet-numerique-1-225x300.jpg 225w, https:\/\/ndp-enghien.org\/mag\/wp-content\/uploads\/2025\/03\/Projet-numerique-1-1152x1536.jpg 1152w, https:\/\/ndp-enghien.org\/mag\/wp-content\/uploads\/2025\/03\/Projet-numerique-1-1536x2048.jpg 1536w, https:\/\/ndp-enghien.org\/mag\/wp-content\/uploads\/2025\/03\/Projet-numerique-1-scaled.jpg 1920w\" sizes=\"auto, (max-width: 768px) 100vw, 768px\" \/><\/figure><div class=\"wp-block-media-text__content\">\n<p>Les \u00e9l\u00e8ves se sont tout d\u2019abord rendus au <strong>Centre des Arts <\/strong>d\u2019Enghien-les-Bains afin de voir l\u2019exposition\u00a0<em>Encoder l\u2019espace\u00a0<\/em>et ont admir\u00e9 le travail de 9 artistes num\u00e9riques dont les \u0153uvres avaient comme sujet commun l\u2019espace au sein de l\u2019univers.<\/p>\n\n\n\n<p>Nos jeunes ont ensuite assist\u00e9 \u00e0 une masterclass anim\u00e9e par d\u2019anciens \u00e9tudiants de l\u2019\u00e9cole enghiennoise des m\u00e9tiers du cin\u00e9ma, des effets sp\u00e9ciaux, d\u2019animation et de jeu vid\u00e9o <strong>ARTFX<\/strong>.<\/p>\n\n\n\n<p>Lors de cette rencontre, ils ont d\u00e9couvert un court m\u00e9trage de fin d\u2019\u00e9tudes et l\u2019ensemble des m\u00e9tiers correspondant \u00e0 la r\u00e9alisation de ce film. Ils ont de plus pos\u00e9 des questions et \u00e9chang\u00e9 avec ces jeunes dipl\u00f4m\u00e9s.<\/p>\n\n\n\n<p><\/p>\n<\/div><\/div>\n\n\n\n<div style=\"height:21px\" aria-hidden=\"true\" class=\"wp-block-spacer\"><\/div>\n\n\n\n<p>Enfin, ils ont particip\u00e9 durant une semaine \u00e0 un atelier de cr\u00e9ation num\u00e9rique dirig\u00e9 par l\u2019artiste <strong>Dorian Rigal <\/strong>\u00e0 hauteur de deux heures de pratique par jour. Lors de ce workshop, ils se sont initi\u00e9s au logiciel Tixercad et ils ont chacun cr\u00e9\u00e9 sur leur tablette une figure ou un objet en 3D.<\/p>\n\n\n\n<p>Ces cr\u00e9ations num\u00e9riques serviront prochainement de point de d\u00e9part \u00e0 l\u2019\u00e9criture en cours de fran\u00e7ais de textes fictionnels, le tout devant \u00eatre pr\u00e9sent\u00e9 au <strong>Centre des Arts<\/strong> lors du festival <strong>Tintam\u2019arts.<\/strong><\/p>\n\n\n\n<p>Vous serez alors invit\u00e9s \u00e0 d\u00e9couvrir les travaux de ces \u00e9l\u00e8ves le jour du vernissage de l\u2019exposition qui leur sera consacr\u00e9e, le mercredi 21 mai.<\/p>\n\n\n\n<p><strong>Val\u00e9rie DELINE,<br><\/strong>Professeure d&rsquo;Arts plastiques<\/p>\n\n\n\n<figure class=\"wp-block-gallery has-nested-images columns-default is-cropped wp-block-gallery-1 is-layout-flex wp-block-gallery-is-layout-flex\"><\/figure>\n","protected":false},"excerpt":{"rendered":"<p>Pour la 5\u00e8me ann\u00e9e cons\u00e9cutive, les classes de 6\u00e85, 6\u00e86 et 6\u00e87 ont particip\u00e9 au projet&nbsp;Arts, coll\u00e8ge et cr\u00e9ation num\u00e9rique<\/p>\n","protected":false},"author":1,"featured_media":5324,"comment_status":"closed","ping_status":"closed","sticky":false,"template":"","format":"standard","meta":{"colormag_page_container_layout":"default_layout","colormag_page_sidebar_layout":"default_layout","footnotes":""},"categories":[12],"tags":[],"class_list":["post-5322","post","type-post","status-publish","format-standard","has-post-thumbnail","hentry","category-le-numerique"],"_links":{"self":[{"href":"https:\/\/ndp-enghien.org\/mag\/index.php\/wp-json\/wp\/v2\/posts\/5322","targetHints":{"allow":["GET"]}}],"collection":[{"href":"https:\/\/ndp-enghien.org\/mag\/index.php\/wp-json\/wp\/v2\/posts"}],"about":[{"href":"https:\/\/ndp-enghien.org\/mag\/index.php\/wp-json\/wp\/v2\/types\/post"}],"author":[{"embeddable":true,"href":"https:\/\/ndp-enghien.org\/mag\/index.php\/wp-json\/wp\/v2\/users\/1"}],"replies":[{"embeddable":true,"href":"https:\/\/ndp-enghien.org\/mag\/index.php\/wp-json\/wp\/v2\/comments?post=5322"}],"version-history":[{"count":9,"href":"https:\/\/ndp-enghien.org\/mag\/index.php\/wp-json\/wp\/v2\/posts\/5322\/revisions"}],"predecessor-version":[{"id":5335,"href":"https:\/\/ndp-enghien.org\/mag\/index.php\/wp-json\/wp\/v2\/posts\/5322\/revisions\/5335"}],"wp:featuredmedia":[{"embeddable":true,"href":"https:\/\/ndp-enghien.org\/mag\/index.php\/wp-json\/wp\/v2\/media\/5324"}],"wp:attachment":[{"href":"https:\/\/ndp-enghien.org\/mag\/index.php\/wp-json\/wp\/v2\/media?parent=5322"}],"wp:term":[{"taxonomy":"category","embeddable":true,"href":"https:\/\/ndp-enghien.org\/mag\/index.php\/wp-json\/wp\/v2\/categories?post=5322"},{"taxonomy":"post_tag","embeddable":true,"href":"https:\/\/ndp-enghien.org\/mag\/index.php\/wp-json\/wp\/v2\/tags?post=5322"}],"curies":[{"name":"wp","href":"https:\/\/api.w.org\/{rel}","templated":true}]}}