{"id":5591,"date":"2025-02-17T10:03:00","date_gmt":"2025-02-17T09:03:00","guid":{"rendered":"https:\/\/ndp-enghien.org\/mag\/?p=5591"},"modified":"2025-04-01T10:22:07","modified_gmt":"2025-04-01T08:22:07","slug":"voyage-a-munich","status":"publish","type":"post","link":"https:\/\/ndp-enghien.org\/mag\/index.php\/2025\/02\/17\/voyage-a-munich\/","title":{"rendered":"Voyage \u00e0 Munich"},"content":{"rendered":"\n<p>Du samedi 15 au lundi 17 f\u00e9vrier, 36 \u00e9l\u00e8ves de T3 et T4 se sont rendus \u00e0 Munich pour un s\u00e9jour historique et culturel en lien avec le programme d\u2019histoire de tronc commun. Apr\u00e8s avoir exp\u00e9riment\u00e9 la l\u00e9gendaire deutsche P\u00fcnktlichkeit, le groupe a pu s\u2019installer \u00e0 l\u2019auberge de jeunesse avant de partir \u00e0 la d\u00e9couverte de la vieille ville \u00e0 l\u2019aide d\u2019un questionnaire \u00e0 compl\u00e9ter.<\/p>\n\n\n\n<div class=\"wp-block-media-text is-stacked-on-mobile\"><figure class=\"wp-block-media-text__media\"><img loading=\"lazy\" decoding=\"async\" width=\"1024\" height=\"768\" src=\"http:\/\/ndp-enghien.org\/mag\/wp-content\/uploads\/2025\/04\/IMG_2265-1024x768.jpg\" alt=\"\" class=\"wp-image-5593 size-full\" srcset=\"https:\/\/ndp-enghien.org\/mag\/wp-content\/uploads\/2025\/04\/IMG_2265-1024x768.jpg 1024w, https:\/\/ndp-enghien.org\/mag\/wp-content\/uploads\/2025\/04\/IMG_2265-300x225.jpg 300w, https:\/\/ndp-enghien.org\/mag\/wp-content\/uploads\/2025\/04\/IMG_2265-768x576.jpg 768w, https:\/\/ndp-enghien.org\/mag\/wp-content\/uploads\/2025\/04\/IMG_2265-1536x1152.jpg 1536w, https:\/\/ndp-enghien.org\/mag\/wp-content\/uploads\/2025\/04\/IMG_2265-2048x1536.jpg 2048w\" sizes=\"auto, (max-width: 1024px) 100vw, 1024px\" \/><\/figure><div class=\"wp-block-media-text__content\">\n<p>Le lendemain, sous la neige, nous nous sommes rendus \u00e0 la Residenz, ancien palais royal de Bavi\u00e8re, o\u00f9 nous avons pu d\u00e9ambuler de salle en salle en compagnie du pr\u00e9sident de la Lettonie, Edgars Rinkevics, qui entre deux r\u00e9unions \u00e0 la conf\u00e9rence sur la S\u00e9curit\u00e9 se d\u00e9roulant au m\u00eame moment \u00e0 l\u2019h\u00f4tel Bayerischer Hof, s\u2019offrait une petite parenth\u00e8se culturelle ! <\/p>\n\n\n\n<p>L\u2019apr\u00e8s-midi, le mus\u00e9e juif de Munich nous accueillit.\u00a0<\/p>\n<\/div><\/div>\n\n\n\n<p><\/p>\n\n\n<p style=\"text-align: justify;\">Le lundi, d\u00e9part assez t\u00f4t pour nous rendre \u00e0 Dachau et visiter le premier camp de concentration ouvert en Allemagne. Ce camp qui vit passer parmi ses d\u00e9tenus Georg Elser, Georges Charpak ou Kurt Schuschnigg, fut en service de mars 1933 \u00e0 avril 1945 et rassembla jusqu\u2019\u00e0 75 000 prisonniers. La visite, sous la neige et par 8 degr\u00e9s, se fit dans le recueillement et permit d\u2019appr\u00e9hender les conditions de survie des d\u00e9tenus.<\/p>\n<p style=\"text-align: justify;\">Ensuite nous regagn\u00e2mes Munich afin de visiter le m\u00e9morial de la Rose Blanche, situ\u00e9 dans les locaux de la Ludwig-Maximilian Universit\u00e4t. La Rose blanche (Wei\u00dfe Rose) est un r\u00e9seau d\u2019\u00e9tudiants r\u00e9sistants au national-socialisme fond\u00e9 en 1942. Les figures les plus connues sont Hans et Sophie Scholl. Ces \u00e9tudiants ont distribu\u00e9 des tracts pour d\u00e9noncer le r\u00e9gime mais ont \u00e9t\u00e9 arr\u00eat\u00e9s et guillotin\u00e9s en 1943. Ce m\u00e9morial revient sur les grandes figures du mouvement et leurs actions.\u00a0\u00a0<\/p>\n<p style=\"text-align: justify;\">Il fut ensuite temps de rejoindre la gare apr\u00e8s avoir r\u00e9cup\u00e9r\u00e9 nos bagages, et de rentrer \u00e0 Paris. Ce s\u00e9jour court mais intense aura laiss\u00e9, je pense, de nombreux souvenirs \u00e0 nos \u00e9l\u00e8ves ! Merci \u00e0 Madame Bazille et \u00e0 Monsieur Roquette d\u2019avoir accept\u00e9 de nous accompagner.<\/p>\n\n\n<p><strong>Caroline Buffet,<br><\/strong>Professeure d\u2019Histoire G\u00e9ographie<\/p>\n\n\n\n<figure class=\"wp-block-image aligncenter size-large\"><img loading=\"lazy\" decoding=\"async\" width=\"1024\" height=\"768\" src=\"http:\/\/ndp-enghien.org\/mag\/wp-content\/uploads\/2025\/04\/IMG_2278-1024x768.jpg\" alt=\"\" class=\"wp-image-5594\" srcset=\"https:\/\/ndp-enghien.org\/mag\/wp-content\/uploads\/2025\/04\/IMG_2278-1024x768.jpg 1024w, https:\/\/ndp-enghien.org\/mag\/wp-content\/uploads\/2025\/04\/IMG_2278-300x225.jpg 300w, https:\/\/ndp-enghien.org\/mag\/wp-content\/uploads\/2025\/04\/IMG_2278-768x576.jpg 768w, https:\/\/ndp-enghien.org\/mag\/wp-content\/uploads\/2025\/04\/IMG_2278-1536x1152.jpg 1536w, https:\/\/ndp-enghien.org\/mag\/wp-content\/uploads\/2025\/04\/IMG_2278-2048x1536.jpg 2048w\" sizes=\"auto, (max-width: 1024px) 100vw, 1024px\" \/><\/figure>\n","protected":false},"excerpt":{"rendered":"<p>Du samedi 15 au lundi 17 f\u00e9vrier, 36 \u00e9l\u00e8ves de T3 et T4 se sont rendus \u00e0 Munich pour un<\/p>\n","protected":false},"author":1,"featured_media":5592,"comment_status":"closed","ping_status":"closed","sticky":false,"template":"","format":"standard","meta":{"colormag_page_container_layout":"default_layout","colormag_page_sidebar_layout":"default_layout","footnotes":""},"categories":[6],"tags":[],"class_list":["post-5591","post","type-post","status-publish","format-standard","has-post-thumbnail","hentry","category-voyages"],"_links":{"self":[{"href":"https:\/\/ndp-enghien.org\/mag\/index.php\/wp-json\/wp\/v2\/posts\/5591","targetHints":{"allow":["GET"]}}],"collection":[{"href":"https:\/\/ndp-enghien.org\/mag\/index.php\/wp-json\/wp\/v2\/posts"}],"about":[{"href":"https:\/\/ndp-enghien.org\/mag\/index.php\/wp-json\/wp\/v2\/types\/post"}],"author":[{"embeddable":true,"href":"https:\/\/ndp-enghien.org\/mag\/index.php\/wp-json\/wp\/v2\/users\/1"}],"replies":[{"embeddable":true,"href":"https:\/\/ndp-enghien.org\/mag\/index.php\/wp-json\/wp\/v2\/comments?post=5591"}],"version-history":[{"count":5,"href":"https:\/\/ndp-enghien.org\/mag\/index.php\/wp-json\/wp\/v2\/posts\/5591\/revisions"}],"predecessor-version":[{"id":5599,"href":"https:\/\/ndp-enghien.org\/mag\/index.php\/wp-json\/wp\/v2\/posts\/5591\/revisions\/5599"}],"wp:featuredmedia":[{"embeddable":true,"href":"https:\/\/ndp-enghien.org\/mag\/index.php\/wp-json\/wp\/v2\/media\/5592"}],"wp:attachment":[{"href":"https:\/\/ndp-enghien.org\/mag\/index.php\/wp-json\/wp\/v2\/media?parent=5591"}],"wp:term":[{"taxonomy":"category","embeddable":true,"href":"https:\/\/ndp-enghien.org\/mag\/index.php\/wp-json\/wp\/v2\/categories?post=5591"},{"taxonomy":"post_tag","embeddable":true,"href":"https:\/\/ndp-enghien.org\/mag\/index.php\/wp-json\/wp\/v2\/tags?post=5591"}],"curies":[{"name":"wp","href":"https:\/\/api.w.org\/{rel}","templated":true}]}}