{"id":6015,"date":"2025-06-30T15:05:00","date_gmt":"2025-06-30T13:05:00","guid":{"rendered":"https:\/\/ndp-enghien.org\/mag\/?p=6015"},"modified":"2025-06-30T15:05:02","modified_gmt":"2025-06-30T13:05:02","slug":"championnats-de-france-de-triathlon-2025","status":"publish","type":"post","link":"https:\/\/ndp-enghien.org\/mag\/index.php\/2025\/06\/30\/championnats-de-france-de-triathlon-2025\/","title":{"rendered":"Championnats de France de triathlon 2025"},"content":{"rendered":"\n<p>L&rsquo;\u00e9quipe compos\u00e9e de Margot STRANGES, My linh DILEUTH, CANU Eloan CANU et Sasha APRUZZESE a repr\u00e9sent\u00e9 l&rsquo;acad\u00e9mie de Versailles aux championnats de France de Triathlon qui se sont d\u00e9roul\u00e9s \u00e0 CONTREXEVILLE du mercredi 4 juin au vendredi 6 juin 2025.<\/p>\n\n\n\n<p><strong>Romane BOUSSELAT a accompagn\u00e9 l&rsquo;\u00e9quipe en tant que jeune reporter, voici son article :<\/strong><\/p>\n\n\n\n<p>L\u2019\u00e9quipe a termin\u00e9 3\u00e8me \u00e0 ces championnats de France de triathlon dans des conditions extr\u00eames car il pleuvait \u00e0 seaux ! Donc une magnifique performance pour ces 4 \u00e9l\u00e8ves et une premi\u00e8re pour notre \u00e9cole.<\/p>\n\n\n\n<figure class=\"wp-block-image size-large\"><img loading=\"lazy\" decoding=\"async\" width=\"1024\" height=\"768\" src=\"http:\/\/ndp-enghien.org\/mag\/wp-content\/uploads\/2025\/06\/IMG_20250605_101917387_HDR-1-1024x768.jpg\" alt=\"\" class=\"wp-image-6312\" srcset=\"https:\/\/ndp-enghien.org\/mag\/wp-content\/uploads\/2025\/06\/IMG_20250605_101917387_HDR-1-1024x768.jpg 1024w, https:\/\/ndp-enghien.org\/mag\/wp-content\/uploads\/2025\/06\/IMG_20250605_101917387_HDR-1-300x225.jpg 300w, https:\/\/ndp-enghien.org\/mag\/wp-content\/uploads\/2025\/06\/IMG_20250605_101917387_HDR-1-768x576.jpg 768w, https:\/\/ndp-enghien.org\/mag\/wp-content\/uploads\/2025\/06\/IMG_20250605_101917387_HDR-1-1536x1152.jpg 1536w, https:\/\/ndp-enghien.org\/mag\/wp-content\/uploads\/2025\/06\/IMG_20250605_101917387_HDR-1-2048x1536.jpg 2048w\" sizes=\"auto, (max-width: 1024px) 100vw, 1024px\" \/><\/figure>\n\n\n\n<p><strong><u>Jour 1&nbsp;: arriv\u00e9e et installation<\/u><\/strong><\/p>\n\n\n\n<p>Nous sommes arriv\u00e9s \u00e0 l&rsquo;\u00e9cole vers 8h00 afin de pouvoir charger toutes nos affaires dans le camion et nous pr\u00e9parer pour le d\u00e9part.<\/p>\n\n\n\n<p>Une fois tout le mat\u00e9riel rang\u00e9 nous avons quitt\u00e9 l&rsquo;\u00e9tablissement \u00e0 08h30 en direction de Bulgn\u00e9ville l\u00e0 o\u00f9 le triathlon et l\u2019aquathlon allaient se d\u00e9rouler, c\u2019est une commune situ\u00e9e dans les Vosges \u00e0 proximit\u00e9 de Contrex\u00e9ville, le trajet a dur\u00e9 environ 04h30. &nbsp;<\/p>\n\n\n\n<p>A notre arriv\u00e9 nous avons commenc\u00e9 \u00e0 installer les tentes mais malheureusement la pluie \u00e9tait tr\u00e8s forte ce qui rendait le montage difficile et le couchage inconfortable face \u00e0 cette m\u00e9t\u00e9o d\u00e9favorable nous avons pris la d\u00e9cision de r\u00e9server des chambres \u00e0 l&rsquo;h\u00f4tel \u00ab&nbsp;Enzo&nbsp;\u00bb situ\u00e9 \u00e0 Contrex\u00e9ville pour pouvoir dormir au sec et dans de meilleures conditions. <\/p>\n\n\n\n<p>Une fois les chambres attribu\u00e9es nous nous sommes install\u00e9s puis nous sommes all\u00e9s pique-niquer ensemble dans la cantine de l&rsquo;UNSS, l&rsquo;apr\u00e8s-midi nous avons eu un temps libre pour nous reposer et nous d\u00e9tendre \u00e0 l&rsquo;h\u00f4tel, le soir nous avons d\u00een\u00e9 \u00e0 la cantine vers 20h00 le repas \u00e9tait bon et \u00e9quilibr\u00e9, tout le monde est ensuite all\u00e9 se coucher vers 22h00, un peu fatigu\u00e9s par la journ\u00e9e de voyage mais impatient pour la suite.<\/p>\n\n\n\n<p><strong><u>Jour 2&nbsp;: l\u2019aquathlon<\/u><\/strong><\/p>\n\n\n\n<p>Nous nous sommes lev\u00e9s vers 7h30 pour prendre le petit-d\u00e9jeuner \u00e0 la cantine \u00e0 8h. Apr\u00e8s avoir mang\u00e9, nous sommes all\u00e9s \u00e0 l&rsquo;h\u00f4tel pour pr\u00e9parer nos affaires pour l&rsquo;aquathlon. Les distances de l&rsquo;\u00e9preuve \u00e9taient assez courtes :<\/p>\n\n\n\n<div class=\"wp-block-media-text is-stacked-on-mobile\"><figure class=\"wp-block-media-text__media\"><img loading=\"lazy\" decoding=\"async\" width=\"720\" height=\"960\" src=\"http:\/\/ndp-enghien.org\/mag\/wp-content\/uploads\/2025\/06\/img2-1.jpg\" alt=\"\" class=\"wp-image-6326 size-full\" srcset=\"https:\/\/ndp-enghien.org\/mag\/wp-content\/uploads\/2025\/06\/img2-1.jpg 720w, https:\/\/ndp-enghien.org\/mag\/wp-content\/uploads\/2025\/06\/img2-1-225x300.jpg 225w\" sizes=\"auto, (max-width: 720px) 100vw, 720px\" \/><\/figure><div class=\"wp-block-media-text__content\">\n<p><strong>200 m de natation et 1 km de course \u00e0 pied.<\/strong><\/p>\n\n\n\n<p>Nous sommes partis vers le site des lacs de la folie pour nous \u00e9chauffer sur le site de la course et pr\u00e9parer notre box pour l&rsquo;aquathlon. \u00c0 11h00, le d\u00e9part est lanc\u00e9. Sasha part \u00e0 fond pour la natation, il sort en t\u00eate, fait sa transition et termine sa course il passe le chouchou \u00e0 My Linh et Margot, qui encha\u00eenent avec la natation \u00e0 deux. Elles poursuivent ensuite avec la course \u00e0 pied.<\/p>\n\n\n\n<p>Elles donnent ensuite le relais \u00e0 Eloan et Sacha, qui partent pour la natation. Apr\u00e8s la transition, ils courent 1 km, puis les gar\u00e7ons passent le relais \u00e0 My Linh qui refait la m\u00eame chose. Enfin, elle donne le relais \u00e0 Margot et Eloan pour le duo mixte. Ils terminent tous les quatre ensembles, en se donnant la main, et finissent 4\u00e8me.<\/p>\n<\/div><\/div>\n\n\n\n<p><\/p>\n\n\n\n<p>Nous sommes vite retourn\u00e9s \u00e0 l&rsquo;h\u00f4tel pour nous doucher car l&rsquo;eau n&rsquo;\u00e9tait pas tr\u00e8s propre. Seul Margot et moi sommes ensuite parties faire du rafting avec monsieur Jean-Fran\u00e7ois, pendant que les autres se reposaient. C&rsquo;\u00e9tait \u00e0 environ 30 minutes de l&rsquo;h\u00f4tel.<\/p>\n\n\n\n<p>On s&rsquo;est vraiment bien amus\u00e9s, nous sommes tomb\u00e9s plein de fois dans l&rsquo;eau ! Ensuite, nous sommes rentr\u00e9s \u00e0 l&rsquo;h\u00f4tel, avons mang\u00e9, puis nous nous sommes couch\u00e9s assez t\u00f4t pour \u00eatre en forme pour le triathlon de demain.<\/p>\n\n\n\n<p><strong><u>Jour 3&nbsp;: le triathlon<\/u><\/strong><\/p>\n\n\n\n<p>Aujourd&rsquo;hui, nous nous sommes lev\u00e9s comme d&rsquo;habitude vers 8h00, et nous sommes all\u00e9s prendre notre petit-d\u00e9jeuner \u00e0 la cantine.<\/p>\n\n\n\n<div class=\"wp-block-media-text is-stacked-on-mobile\"><figure class=\"wp-block-media-text__media\"><video controls src=\"https:\/\/ndp-enghien.org\/mag\/wp-content\/uploads\/2025\/06\/VID-20250606-WA0094-3.mp4\"><\/video><\/figure><div class=\"wp-block-media-text__content\">\n<p>L&rsquo;ambiance \u00e9tait calme : nous savions que la journ\u00e9e allait \u00eatre intense. Le d\u00e9part de la course \u00e9tait pr\u00e9vu \u00e0 11h00, alors les \u00e9quipes se sont \u00e9chauff\u00e9es et ont pr\u00e9par\u00e9 leur box, malgr\u00e9 une m\u00e9t\u00e9o plut\u00f4t d\u00e9favorable. <\/p>\n\n\n\n<p>En effet, le ciel \u00e9tait tr\u00e8s couvert, et il pleuvait abondamment, ce qui rendait les conditions un peu plus difficiles et le terrain glissant.<\/p>\n\n\n\n<p>Quand le top d\u00e9part a \u00e9t\u00e9 donn\u00e9, Sacha est parti en premier pour effectuer les 200 m\u00e8tres de natation. <\/p>\n\n\n\n<p>Malgr\u00e9 la pluie et le froid, il s&rsquo;est bien d\u00e9brouill\u00e9 et a encha\u00een\u00e9 rapidement avec les 4 km de v\u00e9lo. Ensuite, il a termin\u00e9 avec 1 km 5 de course \u00e0 pied avant de transmettre le relais \u00e0 Margot.<\/p>\n<\/div><\/div>\n\n\n\n<p><\/p>\n\n\n\n<div class=\"wp-block-media-text has-media-on-the-right is-stacked-on-mobile\"><div class=\"wp-block-media-text__content\">\n<p>Margot a ensuite effectu\u00e9 exactement le m\u00eame parcours avec beaucoup d&rsquo;\u00e9nergie et de motivation. <\/p>\n\n\n\n<p>Elle a ensuite pass\u00e9 le relais \u00e0 Eloan, qui a lui aussi bien nag\u00e9, p\u00e9dal\u00e9 et couru sous la pluie. Il a ensuite donn\u00e9 le dernier relais qui \u00e9tait assur\u00e9 par My Linh, qui est partie \u00e0 fond pour donner le meilleur d&rsquo;elle-m\u00eame. <\/p>\n\n\n\n<p>Elle a tout donn\u00e9 dans les trois \u00e9preuves, m\u00eame si la pluie rendait les transitions un peu plus compliqu\u00e9es. Gr\u00e2ce aux efforts de toute l&rsquo;\u00e9quipe, nous avons r\u00e9ussi \u00e0 arriver \u00e0 quatre ensemble, en se tenant la main, et en terminant \u00e0 une magnifique 3<sup>\u00e8me<\/sup> place !<\/p>\n\n\n\n<p><\/p>\n<\/div><figure class=\"wp-block-media-text__media\"><video controls src=\"http:\/\/ndp-enghien.org\/mag\/wp-content\/uploads\/2025\/06\/VID-20250606-WA0093-2.mp4\"><\/video><\/figure><\/div>\n\n\n\n<div style=\"height:29px\" aria-hidden=\"true\" class=\"wp-block-spacer\"><\/div>\n\n\n\n<p><\/p>\n\n\n\n<figure class=\"wp-block-video\"><video height=\"480\" style=\"aspect-ratio: 848 \/ 480;\" width=\"848\" controls src=\"http:\/\/ndp-enghien.org\/mag\/wp-content\/uploads\/2025\/06\/VID-20250606-WA0102-1.mp4\"><\/video><\/figure>\n\n\n\n<p>Apr\u00e8s cette belle performance, nous sommes partis nous abriter dans un gymnase pour nous s\u00e9cher un peu et nous r\u00e9chauffer, car nous \u00e9tions tous tremp\u00e9s. Puis, nous avons rejoint la cantine pour d\u00e9jeuner et nous reposer.<\/p>\n\n\n\n<p><strong>Alors que nous \u00e9tions en train de manger, une annonce a \u00e9t\u00e9 faite au micro: notre \u00e9quipe \u00e9tait appel\u00e9e sur le podium pour recevoir une m\u00e9daille de 3e place! C&rsquo;\u00e9tait une belle surprise et un grand moment de fiert\u00e9 pour nous tous. On ne s&rsquo;y attendait pas du tout et on \u00e9tait vraiment super contents !<\/strong><\/p>\n\n\n\n<figure class=\"wp-block-video\"><video height=\"480\" style=\"aspect-ratio: 848 \/ 480;\" width=\"848\" controls src=\"https:\/\/ndp-enghien.org\/mag\/wp-content\/uploads\/2025\/06\/VID-20250606-WA0068.mp4\"><\/video><\/figure>\n\n\n\n<p>Apr\u00e8s cette magnifique victoire, nous avons pris le camion avec monsieur Jean-Fran\u00e7ois pour rentrer \u00e0 Enghien-les-Bains. Nous \u00e9tions un peu fatigu\u00e9s, mais heureux et tr\u00e8s fiers de notre journ\u00e9e. <\/p>\n\n\n\n<p>Cette exp\u00e9rience restera s\u00fbrement grav\u00e9e longtemps dans nos m\u00e9moires !<\/p>\n\n\n\n<p>Merci pour ce magnifique championnat de France.<\/p>\n\n\n\n<p><strong>Romane Bousselat 4\u00e8me 6<\/strong><\/p>\n\n\n\n<p><\/p>\n","protected":false},"excerpt":{"rendered":"<p>L&rsquo;\u00e9quipe compos\u00e9e de Margot STRANGES, My linh DILEUTH, CANU Eloan CANU et Sasha APRUZZESE a repr\u00e9sent\u00e9 l&rsquo;acad\u00e9mie de Versailles aux<\/p>\n","protected":false},"author":1,"featured_media":6313,"comment_status":"closed","ping_status":"closed","sticky":false,"template":"","format":"standard","meta":{"colormag_page_container_layout":"default_layout","colormag_page_sidebar_layout":"default_layout","footnotes":""},"categories":[4],"tags":[],"class_list":["post-6015","post","type-post","status-publish","format-standard","has-post-thumbnail","hentry","category-projets"],"_links":{"self":[{"href":"https:\/\/ndp-enghien.org\/mag\/index.php\/wp-json\/wp\/v2\/posts\/6015","targetHints":{"allow":["GET"]}}],"collection":[{"href":"https:\/\/ndp-enghien.org\/mag\/index.php\/wp-json\/wp\/v2\/posts"}],"about":[{"href":"https:\/\/ndp-enghien.org\/mag\/index.php\/wp-json\/wp\/v2\/types\/post"}],"author":[{"embeddable":true,"href":"https:\/\/ndp-enghien.org\/mag\/index.php\/wp-json\/wp\/v2\/users\/1"}],"replies":[{"embeddable":true,"href":"https:\/\/ndp-enghien.org\/mag\/index.php\/wp-json\/wp\/v2\/comments?post=6015"}],"version-history":[{"count":20,"href":"https:\/\/ndp-enghien.org\/mag\/index.php\/wp-json\/wp\/v2\/posts\/6015\/revisions"}],"predecessor-version":[{"id":6354,"href":"https:\/\/ndp-enghien.org\/mag\/index.php\/wp-json\/wp\/v2\/posts\/6015\/revisions\/6354"}],"wp:featuredmedia":[{"embeddable":true,"href":"https:\/\/ndp-enghien.org\/mag\/index.php\/wp-json\/wp\/v2\/media\/6313"}],"wp:attachment":[{"href":"https:\/\/ndp-enghien.org\/mag\/index.php\/wp-json\/wp\/v2\/media?parent=6015"}],"wp:term":[{"taxonomy":"category","embeddable":true,"href":"https:\/\/ndp-enghien.org\/mag\/index.php\/wp-json\/wp\/v2\/categories?post=6015"},{"taxonomy":"post_tag","embeddable":true,"href":"https:\/\/ndp-enghien.org\/mag\/index.php\/wp-json\/wp\/v2\/tags?post=6015"}],"curies":[{"name":"wp","href":"https:\/\/api.w.org\/{rel}","templated":true}]}}