{"id":6116,"date":"2025-05-26T10:31:43","date_gmt":"2025-05-26T08:31:43","guid":{"rendered":"https:\/\/ndp-enghien.org\/mag\/?p=6116"},"modified":"2025-06-24T18:00:51","modified_gmt":"2025-06-24T16:00:51","slug":"une-sortie-pedagogique-a-sherwood-parc","status":"publish","type":"post","link":"https:\/\/ndp-enghien.org\/mag\/index.php\/2025\/05\/26\/une-sortie-pedagogique-a-sherwood-parc\/","title":{"rendered":"Une sortie p\u00e9dagogique \u00e0 Sherwood Parc"},"content":{"rendered":"\n<p><strong>Sport, nature et engagement pour un avenir durable !<\/strong><\/p>\n\n\n\n<p><strong>Dans le cadre de notre engagement avec le projet \u00c9co-\u00c9cole, les \u00e9l\u00e8ves de 2nde 3 auront l\u2019opportunit\u00e9 de participer \u00e0 une journ\u00e9e de d\u00e9couverte et d\u2019action \u00e9ducative \u00e0 Sherwood Parc. Cette sortie, port\u00e9e par Mme D\u2019HAUSSY et Mme MNAOUARE, a \u00e9t\u00e9 pens\u00e9e pour allier plaisir, activit\u00e9 physique, conscience \u00e9cologique et coop\u00e9ration, \u00e0 travers des activit\u00e9s telles que l\u2019accrobranche et le paintball.<\/strong><\/p>\n\n\n\n<p>Ce cadre ludique et dynamique permet de sensibiliser les \u00e9l\u00e8ves \u00e0 des enjeux essentiels, notamment en lien avec les 17 Objectifs de D\u00e9veloppement Durable (ODD) d\u00e9finis par l\u2019ONU. Ainsi, cette sortie s\u2019inscrit pleinement dans une d\u00e9marche de d\u00e9veloppement durable port\u00e9e par le comit\u00e9 \u00c9co-\u00c9cole, qui vise \u00e0 int\u00e9grer \u00e0 la fois la sant\u00e9, le bien-\u00eatre et la pr\u00e9servation de l\u2019environnement.<\/p>\n\n\n\n<p>En pratiquant des activit\u00e9s physiques en pleine nature, les \u00e9l\u00e8ves exp\u00e9rimenteront directement l\u2019importance du mouvement r\u00e9gulier pour leur \u00e9quilibre physique et mental, illustrant ainsi l\u2019ODD 3, celui de la bonne sant\u00e9 et du bien-\u00eatre. Cette sortie constitue \u00e9galement une forme d\u2019\u00e9ducation de qualit\u00e9 (ODD 4), car elle favorise un apprentissage en situation r\u00e9elle, permettant aux \u00e9l\u00e8ves de d\u00e9velopper des comp\u00e9tences sociales, citoyennes et personnelles au-del\u00e0 du cadre traditionnel de la classe.<\/p>\n\n\n\n<p>De plus, \u00e9voluer dans un espace naturel prot\u00e9g\u00e9 leur permettra de prendre conscience de la n\u00e9cessit\u00e9 de pr\u00e9server la biodiversit\u00e9 et de construire des communaut\u00e9s durables (ODD 15 et 11). Cette immersion les sensibilisera aussi \u00e0 la lutte contre les changements climatiques (ODD 13) et \u00e0 l\u2019importance d\u2019une consommation responsable (ODD 12), en leur faisant d\u00e9couvrir concr\u00e8tement l\u2019impact de leurs gestes sur l\u2019environnement.<\/p>\n\n\n\n<p>\u00c0 travers cette exp\u00e9rience, les \u00e9l\u00e8ves d\u00e9velopperont des comp\u00e9tences essentielles telles que l\u2019esprit d\u2019\u00e9quipe, la coop\u00e9ration, l\u2019autonomie, ainsi que la gestion du stress et de l\u2019effort physique. Ils apprendront \u00e0 mieux se conna\u00eetre, \u00e0 s\u2019entraider et \u00e0 adopter des comportements respectueux de leur bien-\u00eatre et de leur cadre de vie naturel.<\/p>\n\n\n\n<p>Cette journ\u00e9e repr\u00e9sente aussi un moment fort de coh\u00e9sion et de partage, illustrant parfaitement l\u2019ODD 17, qui souligne l\u2019importance des partenariats pour atteindre les objectifs de d\u00e9veloppement durable. Gr\u00e2ce \u00e0 la collaboration entre l\u2019\u00e9quipe \u00e9ducative, les partenaires locaux, le parc d\u2019activit\u00e9s et le comit\u00e9 \u00c9co-\u00c9cole, ce projet propose une action riche de sens, qui allie plaisir, apprentissage et engagement.<\/p>\n\n\n\n<p>En s\u2019amusant, en bougeant et en se responsabilisant vis-\u00e0-vis de leur environnement, les \u00e9l\u00e8ves seront ainsi invit\u00e9s \u00e0 apprendre autrement et \u00e0 devenir des citoyens \u00e9clair\u00e9s, capables d\u2019agir pour un avenir plus juste et durable.<\/p>\n\n\n\n<p><strong>Dina MNAOUARE<\/strong><br>Professeure de Math\u00e9matiques<\/p>\n\n\n\n<p><\/p>\n","protected":false},"excerpt":{"rendered":"<p>Sport, nature et engagement pour un avenir durable ! Dans le cadre de notre engagement avec le projet \u00c9co-\u00c9cole, les<\/p>\n","protected":false},"author":1,"featured_media":6118,"comment_status":"closed","ping_status":"closed","sticky":false,"template":"","format":"standard","meta":{"colormag_page_container_layout":"default_layout","colormag_page_sidebar_layout":"default_layout","footnotes":""},"categories":[7,8],"tags":[],"class_list":["post-6116","post","type-post","status-publish","format-standard","has-post-thumbnail","hentry","category-eco-ecole","category-sorties"],"_links":{"self":[{"href":"https:\/\/ndp-enghien.org\/mag\/index.php\/wp-json\/wp\/v2\/posts\/6116","targetHints":{"allow":["GET"]}}],"collection":[{"href":"https:\/\/ndp-enghien.org\/mag\/index.php\/wp-json\/wp\/v2\/posts"}],"about":[{"href":"https:\/\/ndp-enghien.org\/mag\/index.php\/wp-json\/wp\/v2\/types\/post"}],"author":[{"embeddable":true,"href":"https:\/\/ndp-enghien.org\/mag\/index.php\/wp-json\/wp\/v2\/users\/1"}],"replies":[{"embeddable":true,"href":"https:\/\/ndp-enghien.org\/mag\/index.php\/wp-json\/wp\/v2\/comments?post=6116"}],"version-history":[{"count":3,"href":"https:\/\/ndp-enghien.org\/mag\/index.php\/wp-json\/wp\/v2\/posts\/6116\/revisions"}],"predecessor-version":[{"id":6210,"href":"https:\/\/ndp-enghien.org\/mag\/index.php\/wp-json\/wp\/v2\/posts\/6116\/revisions\/6210"}],"wp:featuredmedia":[{"embeddable":true,"href":"https:\/\/ndp-enghien.org\/mag\/index.php\/wp-json\/wp\/v2\/media\/6118"}],"wp:attachment":[{"href":"https:\/\/ndp-enghien.org\/mag\/index.php\/wp-json\/wp\/v2\/media?parent=6116"}],"wp:term":[{"taxonomy":"category","embeddable":true,"href":"https:\/\/ndp-enghien.org\/mag\/index.php\/wp-json\/wp\/v2\/categories?post=6116"},{"taxonomy":"post_tag","embeddable":true,"href":"https:\/\/ndp-enghien.org\/mag\/index.php\/wp-json\/wp\/v2\/tags?post=6116"}],"curies":[{"name":"wp","href":"https:\/\/api.w.org\/{rel}","templated":true}]}}