{"id":6750,"date":"2026-03-26T15:10:47","date_gmt":"2026-03-26T14:10:47","guid":{"rendered":"https:\/\/ndp-enghien.org\/mag\/?p=6750"},"modified":"2026-03-26T15:11:18","modified_gmt":"2026-03-26T14:11:18","slug":"webradio-mois-de-novembre","status":"publish","type":"post","link":"https:\/\/ndp-enghien.org\/mag\/index.php\/2026\/03\/26\/webradio-mois-de-novembre\/","title":{"rendered":"Webradio &#8211; La Journ\u00e9e internationale des droits des femmes"},"content":{"rendered":"\n<p><strong><em><mark>Nouvel \u00e9pisode<\/mark><\/em><\/strong><\/p>\n\n\n\n<p><strong>Aujourd\u2019hui, dans notre \u00e9mission, nous mettons \u00e0 l\u2019honneur une cause essentielle : la Journ\u00e9e internationale des droits des femmes, c\u00e9l\u00e9br\u00e9e chaque ann\u00e9e le 8 mars.<\/strong><\/p>\n\n\n\n<p>Cette journ\u00e9e est l\u2019occasion de rappeler les combats men\u00e9s par les femmes \u00e0 travers l\u2019histoire pour obtenir l\u2019\u00e9galit\u00e9 des droits, mais aussi de mettre en lumi\u00e8re celles qui ont marqu\u00e9 le monde par leur courage, leur talent et leur engagement.<\/p>\n\n\n\n<p><strong>Au programme de notre \u00e9mission :<br><\/strong>La d\u00e9couverte de cinq figures f\u00e9minines embl\u00e9matiques, qui ont chacune, \u00e0 leur mani\u00e8re, chang\u00e9 les choses et ouvert la voie aux g\u00e9n\u00e9rations suivantes.<\/p>\n\n\n\n<p>Et \u00e9galement, la pr\u00e9sentation de deux films&nbsp;qui rendent hommage aux femmes, \u00e0 leurs luttes, \u00e0 leurs parcours et \u00e0 leur force.<\/p>\n\n\n\n<p>\u00c0 travers ces portraits et ces \u0153uvres, nous vous invitons \u00e0 r\u00e9fl\u00e9chir, \u00e0 vous inspirer\u2026 et \u00e0 continuer de faire vivre ces valeurs d\u2019\u00e9galit\u00e9 et de respect au quotidien.<\/p>\n\n\n\n<p>Bonne \u00e9coute \u00e0 tous !<\/p>\n\n\n\n<figure class=\"wp-block-audio\"><audio controls src=\"https:\/\/ndp-enghien.org\/mag\/wp-content\/uploads\/2026\/02\/Journee-internationale-des-droits-des-femmes.mp3\"><\/audio><\/figure>\n\n\n\n<hr class=\"wp-block-separator aligncenter has-alpha-channel-opacity\"\/>\n\n\n\n<p><strong>Webradio sp\u00e9cial Saint-Valentin<\/strong><\/p>\n\n\n\n<p>Bonjour \u00e0 toutes et \u00e0 tous et bienvenue dans notre \u00e9mission sp\u00e9ciale Saint-Valentin !<\/p>\n\n\n\n<p>Aujourd\u2019hui, on vous propose de d\u00e9couvrir les origines de cette f\u00eate un peu myst\u00e9rieuse\u2026 avant de passer \u00e0 la critique de deux films qui parlent d\u2019amour sous des regards diff\u00e9rents.<\/p>\n\n\n\n<p>Installez-vous bien, ouvrez grand vos oreilles\u2026 et surtout, profitez de cette journ\u00e9e pour dire \u00e0 tous ceux que vous aimez que vous les aimez. \u2764\ufe0f<\/p>\n\n\n\n<p>Bonne \u00e9coute !<\/p>\n\n\n\n<figure class=\"wp-block-audio\"><audio controls src=\"https:\/\/ndp-enghien.org\/mag\/wp-content\/uploads\/2026\/02\/Webradio-special-Saint-Valentin.mp3\"><\/audio><\/figure>\n\n\n\n<p><\/p>\n\n\n\n<hr class=\"wp-block-separator aligncenter has-alpha-channel-opacity\"\/>\n\n\n\n<p><strong>Deuxi\u00e8me \u00e9mission de la webradio des 6e<\/strong><\/p>\n\n\n\n<p>Dans cette deuxi\u00e8me \u00e9mission, les \u00e9l\u00e8ves de 6e vous proposent un&nbsp;<strong>d\u00e9bat citoyen<\/strong>&nbsp;autour de la question :&nbsp;<em>\u00ab Un pr\u00e9sident peut-il tout faire ? \u00bb<\/em>.<br><br>Ils pr\u00e9sentent ensuite deux figures politiques marquantes,&nbsp;<strong>Nicolas Maduro<\/strong>&nbsp;et&nbsp;<strong>Donald Trump<\/strong>, afin de mieux comprendre le r\u00f4le et les limites du pouvoir pr\u00e9sidentiel.<br><br>L\u2019\u00e9mission se termine sur une&nbsp;<strong>note cin\u00e9matographique<\/strong>&nbsp;avec la pr\u00e9sentation du film&nbsp;<strong>Avatar<\/strong>&nbsp;de&nbsp;<strong>James Cameron<\/strong>.<\/p>\n\n\n\n<p><strong>&nbsp;Une \u00e9mission riche en r\u00e9flexions et en d\u00e9couvertes, r\u00e9alis\u00e9e par les \u00e9l\u00e8ves de 6e.<\/strong><\/p>\n\n\n\n<figure class=\"wp-block-audio\"><audio controls src=\"https:\/\/ndp-enghien.org\/mag\/wp-content\/uploads\/2025\/11\/Emission-2-Debat-agissement-du-president-americain.mp3\"><\/audio><\/figure>\n\n\n\n<p><\/p>\n\n\n\n<hr class=\"wp-block-separator aligncenter has-alpha-channel-opacity\"\/>\n\n\n\n<p><strong>Webradio &#8211; mois de novembre<\/strong><\/p>\n\n\n\n<p>Bonjour \u00e0 toutes et \u00e0 tous, et bienvenue dans votre \u00e9mission de webradio, pr\u00e9sent\u00e9e cette ann\u00e9e <strong>par nos formidables \u00e9l\u00e8ves de 6<\/strong><strong>\u1d49<\/strong>&nbsp;!<\/p>\n\n\n\n<p>Ce mois-ci, nos apprentis journalistes vous ont pr\u00e9par\u00e9 un programme vari\u00e9 et passionnant :<\/p>\n\n\n\n<ul class=\"wp-block-list\">\n<li><strong>Pour commencer<\/strong>, une <strong>pr\u00e9sentation de livre<\/strong>&nbsp;choisie et racont\u00e9e par nos \u00e9l\u00e8ves.<\/li>\n\n\n\n<li>Puis, un moment d\u00e9tente et rires avec un focus sur deux r\u00e9f\u00e9rences de l\u2019humour : <strong>Booder<\/strong>&nbsp;et <strong>Les Inconnus<\/strong>.<\/li>\n<\/ul>\n\n\n\n<p>Et enfin, pour conclure cette \u00e9mission de novembre, nous vous proposons une <strong>histoire sp\u00e9ciale sur le harc\u00e8lement scolaire<\/strong>. \u00c0 l\u2019occasion de la <strong>Journ\u00e9e Mondiale de lutte contre le harc\u00e8lement<\/strong>, nos \u00e9l\u00e8ves ont imagin\u00e9 un r\u00e9cit \u00e9mouvant pour rappeler l\u2019importance de la bienveillance et du respect.<\/p>\n\n\n\n<p>Installez-vous confortablement\u2026<\/p>\n\n\n\n<p><strong>C\u2019est parti pour la webradio !<\/strong><\/p>\n\n\n\n<figure class=\"wp-block-audio\"><audio controls src=\"http:\/\/ndp-enghien.org\/mag\/wp-content\/uploads\/2025\/11\/Webradio-1-.mp3\"><\/audio><\/figure>\n\n\n\n<p><strong>Ma\u00ebva LAVAUD<\/strong>,<br>Professeure de Lettres.<\/p>\n\n\n\n<p><\/p>\n","protected":false},"excerpt":{"rendered":"<p>Nouvel \u00e9pisode Aujourd\u2019hui, dans notre \u00e9mission, nous mettons \u00e0 l\u2019honneur une cause essentielle : la Journ\u00e9e internationale des droits des<\/p>\n","protected":false},"author":1,"featured_media":7591,"comment_status":"closed","ping_status":"closed","sticky":false,"template":"","format":"standard","meta":{"colormag_page_container_layout":"default_layout","colormag_page_sidebar_layout":"default_layout","footnotes":""},"categories":[33],"tags":[],"class_list":["post-6750","post","type-post","status-publish","format-standard","has-post-thumbnail","hentry","category-webradio"],"_links":{"self":[{"href":"https:\/\/ndp-enghien.org\/mag\/index.php\/wp-json\/wp\/v2\/posts\/6750","targetHints":{"allow":["GET"]}}],"collection":[{"href":"https:\/\/ndp-enghien.org\/mag\/index.php\/wp-json\/wp\/v2\/posts"}],"about":[{"href":"https:\/\/ndp-enghien.org\/mag\/index.php\/wp-json\/wp\/v2\/types\/post"}],"author":[{"embeddable":true,"href":"https:\/\/ndp-enghien.org\/mag\/index.php\/wp-json\/wp\/v2\/users\/1"}],"replies":[{"embeddable":true,"href":"https:\/\/ndp-enghien.org\/mag\/index.php\/wp-json\/wp\/v2\/comments?post=6750"}],"version-history":[{"count":8,"href":"https:\/\/ndp-enghien.org\/mag\/index.php\/wp-json\/wp\/v2\/posts\/6750\/revisions"}],"predecessor-version":[{"id":7590,"href":"https:\/\/ndp-enghien.org\/mag\/index.php\/wp-json\/wp\/v2\/posts\/6750\/revisions\/7590"}],"wp:featuredmedia":[{"embeddable":true,"href":"https:\/\/ndp-enghien.org\/mag\/index.php\/wp-json\/wp\/v2\/media\/7591"}],"wp:attachment":[{"href":"https:\/\/ndp-enghien.org\/mag\/index.php\/wp-json\/wp\/v2\/media?parent=6750"}],"wp:term":[{"taxonomy":"category","embeddable":true,"href":"https:\/\/ndp-enghien.org\/mag\/index.php\/wp-json\/wp\/v2\/categories?post=6750"},{"taxonomy":"post_tag","embeddable":true,"href":"https:\/\/ndp-enghien.org\/mag\/index.php\/wp-json\/wp\/v2\/tags?post=6750"}],"curies":[{"name":"wp","href":"https:\/\/api.w.org\/{rel}","templated":true}]}}