{"id":7128,"date":"2026-01-15T09:38:42","date_gmt":"2026-01-15T08:38:42","guid":{"rendered":"https:\/\/ndp-enghien.org\/mag\/?p=7128"},"modified":"2026-01-27T17:35:49","modified_gmt":"2026-01-27T16:35:49","slug":"deuxieme-rencontre-des-eco-delegues","status":"publish","type":"post","link":"https:\/\/ndp-enghien.org\/mag\/index.php\/2026\/01\/15\/deuxieme-rencontre-des-eco-delegues\/","title":{"rendered":"Deuxi\u00e8me rencontre des \u00e9co-d\u00e9l\u00e9gu\u00e9s"},"content":{"rendered":"\n<h4 class=\"wp-block-heading\"><strong>La nature, plus forte que l\u2019humain<\/strong><\/h4>\n\n\n\n<p>Le 15 janvier, les \u00e9co-d\u00e9l\u00e9gu\u00e9s des \u00e9tablissements scolaires enghiennois ont particip\u00e9 \u00e0 leur&nbsp;deuxi\u00e8me rencontre avec la mairie, plac\u00e9e sous le signe du&nbsp;d\u00e9veloppement durable&nbsp;et de la&nbsp;protection de l\u2019eau et de la biodiversit\u00e9.<br><br>Cette matin\u00e9e, riche en \u00e9changes, a permis de mieux comprendre comment la ville agit concr\u00e8tement pour pr\u00e9server la nature\u2026 tout en donnant la parole \u00e0 ceux qui s\u2019en inspirent pour b\u00e2tir le futur.<\/p>\n\n\n\n<figure class=\"wp-block-image size-large\"><img loading=\"lazy\" decoding=\"async\" width=\"1024\" height=\"768\" src=\"http:\/\/ndp-enghien.org\/mag\/wp-content\/uploads\/2026\/01\/IMG_20260115_102812-1024x768.jpg\" alt=\"\" class=\"wp-image-7129\" srcset=\"https:\/\/ndp-enghien.org\/mag\/wp-content\/uploads\/2026\/01\/IMG_20260115_102812-1024x768.jpg 1024w, https:\/\/ndp-enghien.org\/mag\/wp-content\/uploads\/2026\/01\/IMG_20260115_102812-300x225.jpg 300w, https:\/\/ndp-enghien.org\/mag\/wp-content\/uploads\/2026\/01\/IMG_20260115_102812-768x576.jpg 768w, https:\/\/ndp-enghien.org\/mag\/wp-content\/uploads\/2026\/01\/IMG_20260115_102812-1536x1152.jpg 1536w, https:\/\/ndp-enghien.org\/mag\/wp-content\/uploads\/2026\/01\/IMG_20260115_102812.jpg 2000w\" sizes=\"auto, (max-width: 1024px) 100vw, 1024px\" \/><\/figure>\n\n\n\n<p><\/p>\n\n\n\n<h4 class=\"wp-block-heading\"><strong><strong>Trois projets engag\u00e9s pour la plan\u00e8te<\/strong><\/strong><\/h4>\n\n\n\n<p>Trois sites sont au c\u0153ur des initiatives locales : le&nbsp;parc Sainte-Jeanne, l\u2019\u00e9cole maternelle des Cygnes, et le&nbsp;square Jean Mermoz.<\/p>\n\n\n\n<p>Au&nbsp;square Jean Mermoz, le projet s\u2019articule autour de la&nbsp;nappe phr\u00e9atique&nbsp;et de la lutte contre l\u2019imperm\u00e9abilisation des sols. Les am\u00e9nagements pr\u00e9vus favoriseront la biodiversit\u00e9 : cr\u00e9ation d\u2019\u00eelots \u00e9cologiques, plantations adapt\u00e9es et installation d\u2019un \u00e9clairage respectueux de la faune nocturne pour limiter la pollution lumineuse.<\/p>\n\n\n\n<p>\u00c0 l\u2019\u00e9cole des Cygnes, la nature fera son retour dans la cour avec la pose de&nbsp;vitres anti-collision&nbsp;pour prot\u00e9ger les oiseaux, la cr\u00e9ation d\u2019un&nbsp;mur v\u00e9g\u00e9tal&nbsp;servant \u00e0 la fois d\u2019abri pour la petite faune et d\u2019isolant naturel, ainsi qu\u2019un&nbsp;potager et un bac \u00e0 compost&nbsp;destin\u00e9s \u00e0 sensibiliser les enfants aux gestes \u00e9coresponsables.<\/p>\n\n\n\n<p>Enfin, le&nbsp;parc Sainte-Jeanne&nbsp;accueillera, au mois d\u2019avril, une&nbsp;journ\u00e9e de sensibilisation&nbsp;\u00e0 la biodiversit\u00e9, au recyclage des d\u00e9chets et au compostage, en pr\u00e9sence des \u00e9co-d\u00e9l\u00e9gu\u00e9s et de la mairie.<\/p>\n\n\n\n<p><\/p>\n\n\n\n<h4 class=\"wp-block-heading\"><strong>Rencontre avec les acteurs de terrain<\/strong><\/h4>\n\n\n\n<p>Cette s\u00e9ance a \u00e9galement permis aux \u00e9l\u00e8ves de d\u00e9couvrir plusieurs m\u00e9tiers li\u00e9s \u00e0 la nature et \u00e0 l\u2019environnement.<br>Antony, paysagiste, a pr\u00e9sent\u00e9 son r\u00f4le dans l\u2019am\u00e9nagement des espaces verts, la conception d\u2019aires de jeux et l\u2019int\u00e9gration de la nature en milieu urbain.<br><br>Un&nbsp;\u00e9cologue, ancien g\u00e9ographe, a expliqu\u00e9 son travail de diagnostic \u00e9cologique et de conseil aupr\u00e8s des communes pour prot\u00e9ger la flore et la faune locales.<br><br>Les jeunes ont aussi \u00e9chang\u00e9 sur les formations telles que le&nbsp;BTS Gestion et Protection de la Nature, qui offre des d\u00e9bouch\u00e9s vari\u00e9s : animateur nature, \u00e9co-garde, ou encore charg\u00e9 de projets de sensibilisation environnementale.<\/p>\n\n\n\n<p>Enfin, un d\u00e9bat a anim\u00e9 la matin\u00e9e :&nbsp;l\u2019intelligence artificielle pourrait-elle un jour remplacer la cr\u00e9ativit\u00e9 humaine dans la conception des paysages ?&nbsp;Une question \u00e0 la fois technologique et philosophique, qui a suscit\u00e9 une belle r\u00e9flexion collective.<\/p>\n\n\n\n<p><\/p>\n\n\n\n<h4 class=\"wp-block-heading\"><strong>\u00ab\u00a0Agir pour conna\u00eetre, conna\u00eetre pour agir\u00a0\u00bb<\/strong><\/h4>\n\n\n\n<p>Cette devise a marqu\u00e9 la rencontre. Elle rappelle que si&nbsp;la nature reste plus forte que l\u2019humain, chacun peut agir, \u00e0 son propre niveau, pour la prot\u00e9ger et la valoriser. \u00c0 travers ces projets durables et l\u2019implication des jeunes,&nbsp;Enghien-les-Bains&nbsp;confirme sa volont\u00e9 d\u2019avancer vers une ville plus verte, plus consciente et r\u00e9solument tourn\u00e9e vers l\u2019avenir.<\/p>\n\n\n\n<p><strong>Habouba Amara &amp; Taous Cheurfa,<br><\/strong>Membres du comit\u00e9 \u00c9co-\u00c9cole<\/p>\n\n\n\n<figure class=\"wp-block-gallery has-nested-images columns-default is-cropped wp-block-gallery-1 is-layout-flex wp-block-gallery-is-layout-flex\">\n<figure class=\"wp-block-image size-large\"><img loading=\"lazy\" decoding=\"async\" width=\"1024\" height=\"768\" data-id=\"7130\" src=\"http:\/\/ndp-enghien.org\/mag\/wp-content\/uploads\/2026\/01\/IMG_20260115_103453-1024x768.jpg\" alt=\"\" class=\"wp-image-7130\" srcset=\"https:\/\/ndp-enghien.org\/mag\/wp-content\/uploads\/2026\/01\/IMG_20260115_103453-1024x768.jpg 1024w, https:\/\/ndp-enghien.org\/mag\/wp-content\/uploads\/2026\/01\/IMG_20260115_103453-300x225.jpg 300w, https:\/\/ndp-enghien.org\/mag\/wp-content\/uploads\/2026\/01\/IMG_20260115_103453-768x576.jpg 768w, https:\/\/ndp-enghien.org\/mag\/wp-content\/uploads\/2026\/01\/IMG_20260115_103453-1536x1152.jpg 1536w, https:\/\/ndp-enghien.org\/mag\/wp-content\/uploads\/2026\/01\/IMG_20260115_103453.jpg 2000w\" sizes=\"auto, (max-width: 1024px) 100vw, 1024px\" \/><\/figure>\n<\/figure>\n\n\n\n<div style=\"height:21px\" aria-hidden=\"true\" class=\"wp-block-spacer\"><\/div>\n\n\n\n<div data-wp-interactive=\"core\/file\" class=\"wp-block-file\"><object data-wp-bind--hidden=\"!state.hasPdfPreview\" hidden class=\"wp-block-file__embed\" data=\"https:\/\/ndp-enghien.org\/mag\/wp-content\/uploads\/2026\/01\/questions-2.pdf\" type=\"application\/pdf\" style=\"width:100%;height:890px\" aria-label=\"Contenu embarqu\u00e9 questions.\"><\/object><a id=\"wp-block-file--media-b1ee7c82-a030-4abb-9775-abcbfd9d0d06\" href=\"https:\/\/ndp-enghien.org\/mag\/wp-content\/uploads\/2026\/01\/questions-2.pdf\">questions<\/a><a href=\"https:\/\/ndp-enghien.org\/mag\/wp-content\/uploads\/2026\/01\/questions-2.pdf\" class=\"wp-block-file__button wp-element-button\" download aria-describedby=\"wp-block-file--media-b1ee7c82-a030-4abb-9775-abcbfd9d0d06\">T\u00e9l\u00e9charger<\/a><\/div>\n\n\n\n<figure class=\"wp-block-image aligncenter size-large\"><img loading=\"lazy\" decoding=\"async\" width=\"724\" height=\"1024\" src=\"http:\/\/ndp-enghien.org\/mag\/wp-content\/uploads\/2026\/01\/SwiftScan-25-janv.-2026-16.54-724x1024.jpg\" alt=\"\" class=\"wp-image-7142\" srcset=\"https:\/\/ndp-enghien.org\/mag\/wp-content\/uploads\/2026\/01\/SwiftScan-25-janv.-2026-16.54-724x1024.jpg 724w, https:\/\/ndp-enghien.org\/mag\/wp-content\/uploads\/2026\/01\/SwiftScan-25-janv.-2026-16.54-212x300.jpg 212w, https:\/\/ndp-enghien.org\/mag\/wp-content\/uploads\/2026\/01\/SwiftScan-25-janv.-2026-16.54-768x1086.jpg 768w, https:\/\/ndp-enghien.org\/mag\/wp-content\/uploads\/2026\/01\/SwiftScan-25-janv.-2026-16.54-1086x1536.jpg 1086w, https:\/\/ndp-enghien.org\/mag\/wp-content\/uploads\/2026\/01\/SwiftScan-25-janv.-2026-16.54.jpg 1388w\" sizes=\"auto, (max-width: 724px) 100vw, 724px\" \/><\/figure>\n","protected":false},"excerpt":{"rendered":"<p>La nature, plus forte que l\u2019humain Le 15 janvier, les \u00e9co-d\u00e9l\u00e9gu\u00e9s des \u00e9tablissements scolaires enghiennois ont particip\u00e9 \u00e0 leur&nbsp;deuxi\u00e8me rencontre<\/p>\n","protected":false},"author":1,"featured_media":7134,"comment_status":"closed","ping_status":"closed","sticky":false,"template":"","format":"standard","meta":{"colormag_page_container_layout":"default_layout","colormag_page_sidebar_layout":"default_layout","footnotes":""},"categories":[7],"tags":[],"class_list":["post-7128","post","type-post","status-publish","format-standard","has-post-thumbnail","hentry","category-eco-ecole"],"_links":{"self":[{"href":"https:\/\/ndp-enghien.org\/mag\/index.php\/wp-json\/wp\/v2\/posts\/7128","targetHints":{"allow":["GET"]}}],"collection":[{"href":"https:\/\/ndp-enghien.org\/mag\/index.php\/wp-json\/wp\/v2\/posts"}],"about":[{"href":"https:\/\/ndp-enghien.org\/mag\/index.php\/wp-json\/wp\/v2\/types\/post"}],"author":[{"embeddable":true,"href":"https:\/\/ndp-enghien.org\/mag\/index.php\/wp-json\/wp\/v2\/users\/1"}],"replies":[{"embeddable":true,"href":"https:\/\/ndp-enghien.org\/mag\/index.php\/wp-json\/wp\/v2\/comments?post=7128"}],"version-history":[{"count":19,"href":"https:\/\/ndp-enghien.org\/mag\/index.php\/wp-json\/wp\/v2\/posts\/7128\/revisions"}],"predecessor-version":[{"id":7162,"href":"https:\/\/ndp-enghien.org\/mag\/index.php\/wp-json\/wp\/v2\/posts\/7128\/revisions\/7162"}],"wp:featuredmedia":[{"embeddable":true,"href":"https:\/\/ndp-enghien.org\/mag\/index.php\/wp-json\/wp\/v2\/media\/7134"}],"wp:attachment":[{"href":"https:\/\/ndp-enghien.org\/mag\/index.php\/wp-json\/wp\/v2\/media?parent=7128"}],"wp:term":[{"taxonomy":"category","embeddable":true,"href":"https:\/\/ndp-enghien.org\/mag\/index.php\/wp-json\/wp\/v2\/categories?post=7128"},{"taxonomy":"post_tag","embeddable":true,"href":"https:\/\/ndp-enghien.org\/mag\/index.php\/wp-json\/wp\/v2\/tags?post=7128"}],"curies":[{"name":"wp","href":"https:\/\/api.w.org\/{rel}","templated":true}]}}