{"id":1666,"date":"2024-01-26T16:05:27","date_gmt":"2024-01-26T15:05:27","guid":{"rendered":"https:\/\/ndp-enghien.org\/pastorale\/?p=1666"},"modified":"2024-09-16T14:37:55","modified_gmt":"2024-09-16T13:37:55","slug":"un-mois-de-decembre-sous-le-signe-de-marie","status":"publish","type":"post","link":"https:\/\/ndp-enghien.org\/pastorale\/?p=1666","title":{"rendered":"Un mois de d\u00e9cembre sous le signe de Marie"},"content":{"rendered":"\n<p>Traditionnellement, durant le mois de d\u00e9cembre, les catholiques se tournent vers Marie : alors que le temps de l&rsquo;Avent nous invite \u00e0 attendre la venue du Messie, elle nous accompagne dans cette attente. C&rsquo;est pourquoi nous avons accroch\u00e9 une image de Notre-Dame, patronne de notre \u00e9tablissement, au-dessus de l&rsquo;escalier qui m\u00e8ne \u00e0 la chapelle.<\/p>\n<p style=\"text-align: center;\"><a href=\"https:\/\/ndp-enghien.org\/pastorale\/wp-content\/uploads\/2024\/01\/IMG-20231130-WA0001.jpg\"><img fetchpriority=\"high\" decoding=\"async\" class=\"alignnone size-medium wp-image-1675\" src=\"https:\/\/ndp-enghien.org\/pastorale\/wp-content\/uploads\/2024\/01\/IMG-20231130-WA0001-169x300.jpg\" alt=\"\" width=\"169\" height=\"300\" srcset=\"https:\/\/ndp-enghien.org\/pastorale\/wp-content\/uploads\/2024\/01\/IMG-20231130-WA0001-169x300.jpg 169w, https:\/\/ndp-enghien.org\/pastorale\/wp-content\/uploads\/2024\/01\/IMG-20231130-WA0001-576x1024.jpg 576w, https:\/\/ndp-enghien.org\/pastorale\/wp-content\/uploads\/2024\/01\/IMG-20231130-WA0001-768x1365.jpg 768w, https:\/\/ndp-enghien.org\/pastorale\/wp-content\/uploads\/2024\/01\/IMG-20231130-WA0001-864x1536.jpg 864w, https:\/\/ndp-enghien.org\/pastorale\/wp-content\/uploads\/2024\/01\/IMG-20231130-WA0001.jpg 1152w\" sizes=\"(max-width: 169px) 100vw, 169px\" \/><\/a><\/p>\n","protected":false},"excerpt":{"rendered":"<p>Traditionnellement, durant le mois de d\u00e9cembre, les catholiques se tournent vers Marie : alors que le temps de l&rsquo;Avent nous invite \u00e0 attendre la venue du Messie, elle nous accompagne dans cette attente. C&rsquo;est pourquoi nous avons accroch\u00e9 une image de Notre-Dame, patronne de notre \u00e9tablissement, au-dessus de l&rsquo;escalier qui m\u00e8ne \u00e0 la chapelle.<\/p>\n","protected":false},"author":1,"featured_media":0,"comment_status":"closed","ping_status":"closed","sticky":false,"template":"","format":"standard","meta":{"footnotes":""},"categories":[55],"tags":[],"class_list":["post-1666","post","type-post","status-publish","format-standard","hentry","category-actu"],"_links":{"self":[{"href":"https:\/\/ndp-enghien.org\/pastorale\/index.php?rest_route=\/wp\/v2\/posts\/1666","targetHints":{"allow":["GET"]}}],"collection":[{"href":"https:\/\/ndp-enghien.org\/pastorale\/index.php?rest_route=\/wp\/v2\/posts"}],"about":[{"href":"https:\/\/ndp-enghien.org\/pastorale\/index.php?rest_route=\/wp\/v2\/types\/post"}],"author":[{"embeddable":true,"href":"https:\/\/ndp-enghien.org\/pastorale\/index.php?rest_route=\/wp\/v2\/users\/1"}],"replies":[{"embeddable":true,"href":"https:\/\/ndp-enghien.org\/pastorale\/index.php?rest_route=%2Fwp%2Fv2%2Fcomments&post=1666"}],"version-history":[{"count":2,"href":"https:\/\/ndp-enghien.org\/pastorale\/index.php?rest_route=\/wp\/v2\/posts\/1666\/revisions"}],"predecessor-version":[{"id":1676,"href":"https:\/\/ndp-enghien.org\/pastorale\/index.php?rest_route=\/wp\/v2\/posts\/1666\/revisions\/1676"}],"wp:attachment":[{"href":"https:\/\/ndp-enghien.org\/pastorale\/index.php?rest_route=%2Fwp%2Fv2%2Fmedia&parent=1666"}],"wp:term":[{"taxonomy":"category","embeddable":true,"href":"https:\/\/ndp-enghien.org\/pastorale\/index.php?rest_route=%2Fwp%2Fv2%2Fcategories&post=1666"},{"taxonomy":"post_tag","embeddable":true,"href":"https:\/\/ndp-enghien.org\/pastorale\/index.php?rest_route=%2Fwp%2Fv2%2Ftags&post=1666"}],"curies":[{"name":"wp","href":"https:\/\/api.w.org\/{rel}","templated":true}]}}