{"id":1996,"date":"2025-12-31T00:18:56","date_gmt":"2025-12-30T23:18:56","guid":{"rendered":"https:\/\/ndp-enghien.org\/pastorale\/?p=1996"},"modified":"2026-03-09T15:16:22","modified_gmt":"2026-03-09T14:16:22","slug":"collegiens-en-4eme-et-3eme-inscrivez-vous-au-frat-de-jambville-2026","status":"publish","type":"post","link":"https:\/\/ndp-enghien.org\/pastorale\/?p=1996","title":{"rendered":"Coll\u00e9giens en 4\u00e8me et 3\u00e8me, inscrivez-vous au Frat de Jambville 2026"},"content":{"rendered":"\n\n\n<p>Il est encore temps cher jeune en 4\u00e8me ou en 3\u00e8me (avec l&rsquo;accord et l&rsquo;aide de tes parents) de t&rsquo;inscrire au Frat de Jambville cette ann\u00e9e du 22 au 25 mai 2026<\/p>\n<ul>\n<li>Voici le lien d&rsquo;inscription sur Venio (aucun paiement \u00e0 faire lors de l&rsquo;inscription sur le site) <a href=\"https:\/\/ndpenghien2026-jambville.venio.fr\/fr\">https:\/\/ndpenghien2026-jambville.venio.fr\/fr<\/a><\/li>\n<\/ul>\n<p>\u00a0<\/p>\n\n\n\n<figure class=\"wp-block-image size-large\"><a href=\"https:\/\/ndp-enghien.org\/pastorale\/wp-content\/uploads\/2025\/12\/165807.jpg\"><img fetchpriority=\"high\" decoding=\"async\" width=\"1024\" height=\"487\" src=\"https:\/\/ndp-enghien.org\/pastorale\/wp-content\/uploads\/2025\/12\/165807-1024x487.jpg\" alt=\"\" class=\"wp-image-1997\" srcset=\"https:\/\/ndp-enghien.org\/pastorale\/wp-content\/uploads\/2025\/12\/165807-1024x487.jpg 1024w, https:\/\/ndp-enghien.org\/pastorale\/wp-content\/uploads\/2025\/12\/165807-300x143.jpg 300w, https:\/\/ndp-enghien.org\/pastorale\/wp-content\/uploads\/2025\/12\/165807-768x365.jpg 768w, https:\/\/ndp-enghien.org\/pastorale\/wp-content\/uploads\/2025\/12\/165807-1536x730.jpg 1536w, https:\/\/ndp-enghien.org\/pastorale\/wp-content\/uploads\/2025\/12\/165807-2048x974.jpg 2048w\" sizes=\"(max-width: 1024px) 100vw, 1024px\" \/><\/a><\/figure>\n\n\n\n<p>Le Frat \u00e7a se vit&#8230; \u00c7a ne s&rsquo;explique pas. Alors tu attend quoi pour t&rsquo;inscrire ?<\/p>\n<p>Nous t&rsquo;attendons !!!\u00a0<\/p>\n\n\n\n<figure class=\"wp-block-image size-large\"><a href=\"https:\/\/ndp-enghien.org\/pastorale\/wp-content\/uploads\/2025\/12\/165805-1.png\"><img decoding=\"async\" width=\"683\" height=\"1024\" src=\"https:\/\/ndp-enghien.org\/pastorale\/wp-content\/uploads\/2025\/12\/165805-1-683x1024.png\" alt=\"\" class=\"wp-image-2015\" srcset=\"https:\/\/ndp-enghien.org\/pastorale\/wp-content\/uploads\/2025\/12\/165805-1-683x1024.png 683w, https:\/\/ndp-enghien.org\/pastorale\/wp-content\/uploads\/2025\/12\/165805-1-200x300.png 200w, https:\/\/ndp-enghien.org\/pastorale\/wp-content\/uploads\/2025\/12\/165805-1-768x1152.png 768w, https:\/\/ndp-enghien.org\/pastorale\/wp-content\/uploads\/2025\/12\/165805-1.png 1024w\" sizes=\"(max-width: 683px) 100vw, 683px\" \/><\/a><\/figure>\n\n\n\n<figure class=\"wp-block-image size-full\"><a href=\"https:\/\/ndp-enghien.org\/pastorale\/wp-content\/uploads\/2025\/12\/165813.png\"><img decoding=\"async\" width=\"620\" height=\"874\" src=\"https:\/\/ndp-enghien.org\/pastorale\/wp-content\/uploads\/2025\/12\/165813.png\" alt=\"\" class=\"wp-image-1999\" srcset=\"https:\/\/ndp-enghien.org\/pastorale\/wp-content\/uploads\/2025\/12\/165813.png 620w, https:\/\/ndp-enghien.org\/pastorale\/wp-content\/uploads\/2025\/12\/165813-213x300.png 213w\" sizes=\"(max-width: 620px) 100vw, 620px\" \/><\/a><\/figure>\n\n\n\n\n","protected":false},"excerpt":{"rendered":"<p>Il est encore temps cher jeune en 4\u00e8me ou en 3\u00e8me (avec l&rsquo;accord et l&rsquo;aide de tes parents) de t&rsquo;inscrire au Frat de Jambville cette ann\u00e9e du 22 au 25 mai 2026 Voici le lien d&rsquo;inscription sur Venio (aucun paiement \u00e0 faire lors de l&rsquo;inscription sur le site) https:\/\/ndpenghien2026-jambville.venio.fr\/fr \u00a0 Le Frat \u00e7a se vit&#8230; &#8230; <a href=\"https:\/\/ndp-enghien.org\/pastorale\/?p=1996\" class=\"more-link\">Read More<span class=\"screen-reader-text\"> \u00ab\u00a0Coll\u00e9giens en 4\u00e8me et 3\u00e8me, inscrivez-vous au Frat de Jambville 2026\u00a0\u00bb<\/span> &raquo;<\/a><\/p>\n","protected":false},"author":4,"featured_media":1997,"comment_status":"closed","ping_status":"closed","sticky":false,"template":"","format":"standard","meta":{"footnotes":""},"categories":[55],"tags":[],"class_list":["post-1996","post","type-post","status-publish","format-standard","has-post-thumbnail","hentry","category-actu"],"_links":{"self":[{"href":"https:\/\/ndp-enghien.org\/pastorale\/index.php?rest_route=\/wp\/v2\/posts\/1996","targetHints":{"allow":["GET"]}}],"collection":[{"href":"https:\/\/ndp-enghien.org\/pastorale\/index.php?rest_route=\/wp\/v2\/posts"}],"about":[{"href":"https:\/\/ndp-enghien.org\/pastorale\/index.php?rest_route=\/wp\/v2\/types\/post"}],"author":[{"embeddable":true,"href":"https:\/\/ndp-enghien.org\/pastorale\/index.php?rest_route=\/wp\/v2\/users\/4"}],"replies":[{"embeddable":true,"href":"https:\/\/ndp-enghien.org\/pastorale\/index.php?rest_route=%2Fwp%2Fv2%2Fcomments&post=1996"}],"version-history":[{"count":5,"href":"https:\/\/ndp-enghien.org\/pastorale\/index.php?rest_route=\/wp\/v2\/posts\/1996\/revisions"}],"predecessor-version":[{"id":2016,"href":"https:\/\/ndp-enghien.org\/pastorale\/index.php?rest_route=\/wp\/v2\/posts\/1996\/revisions\/2016"}],"wp:featuredmedia":[{"embeddable":true,"href":"https:\/\/ndp-enghien.org\/pastorale\/index.php?rest_route=\/wp\/v2\/media\/1997"}],"wp:attachment":[{"href":"https:\/\/ndp-enghien.org\/pastorale\/index.php?rest_route=%2Fwp%2Fv2%2Fmedia&parent=1996"}],"wp:term":[{"taxonomy":"category","embeddable":true,"href":"https:\/\/ndp-enghien.org\/pastorale\/index.php?rest_route=%2Fwp%2Fv2%2Fcategories&post=1996"},{"taxonomy":"post_tag","embeddable":true,"href":"https:\/\/ndp-enghien.org\/pastorale\/index.php?rest_route=%2Fwp%2Fv2%2Ftags&post=1996"}],"curies":[{"name":"wp","href":"https:\/\/api.w.org\/{rel}","templated":true}]}}