{"id":2008,"date":"2026-01-12T17:57:38","date_gmt":"2026-01-12T16:57:38","guid":{"rendered":"https:\/\/ndp-enghien.org\/pastorale\/?p=2008"},"modified":"2026-01-12T17:57:40","modified_gmt":"2026-01-12T16:57:40","slug":"preparation-a-la-confirmation-2026","status":"publish","type":"post","link":"https:\/\/ndp-enghien.org\/pastorale\/?p=2008","title":{"rendered":"Pr\u00e9paration \u00e0 la confirmation 2026"},"content":{"rendered":"\n<p>Une tr\u00e8s belle rencontre de pr\u00e9paration \u00e0 la confirmation, avec le doyenn\u00e9, \u00e0 eu lieu samedi 10 janvier 2026 \u00e0 Notre-Dame Providence.\u00a0<\/p>\n<p>environ 98 jeunes du doyenn\u00e9 se sont retrouv\u00e9s avec p\u00e8re Jean Delvolv\u00e9, notre aum\u00f4nier, et les responsables des diff\u00e9rentes aum\u00f4neries. La rencontre a commenc\u00e9 par un temps de jeu de brise glace, suivi d&rsquo;un visionnage d&rsquo;un documentaire sur la vie de St Carlo Acutis.<\/p>\n<p>En petits groupes, accompagn\u00e9s par les animateurs, les jeunes ont pris le temps de tirer les le\u00e7ons de la vie de Carlo, d&rsquo;\u00e9changer et d&rsquo;approfondir leur compr\u00e9hension d&rsquo;un texte de l&rsquo;\u00e9vangile selon Saint Jean chapitre 15 : Sarment et la vigne.\u00a0<\/p>\n<p>Apr\u00e8s le go\u00fbter partag\u00e9, nous avons eu l&rsquo;occasion de vivre un temps d&rsquo;adoration eucharistique, suivi d&rsquo;un temps de v\u00e9n\u00e9ration des reliques de St Carlo Acutis.<\/p>\n<p>Une rencontre spirituelle riche, simple, profonde et fraternelle. Le parcours de la pr\u00e9paration \u00e0 la confirmation continue tout au long de l&rsquo;ann\u00e9e, prochain rendez-vous en f\u00e9vrier, \u00e0 la basilique d&rsquo;argenteuil pour v\u00e9n\u00e9rer la Sainte Tunique du Christ.\u00a0\u00a0<\/p>\n<p>\u00a0<\/p>\n<p>\u00a0<\/p>\n\n\n\n<figure class=\"wp-block-gallery has-nested-images columns-default is-cropped wp-block-gallery-1 is-layout-flex wp-block-gallery-is-layout-flex\">\n<figure class=\"wp-block-image size-large\"><a href=\"https:\/\/ndp-enghien.org\/pastorale\/wp-content\/uploads\/2026\/01\/Conf-3.jpg\"><img fetchpriority=\"high\" decoding=\"async\" width=\"768\" height=\"1024\" data-id=\"2009\" src=\"https:\/\/ndp-enghien.org\/pastorale\/wp-content\/uploads\/2026\/01\/Conf-3-768x1024.jpg\" alt=\"\" class=\"wp-image-2009\" srcset=\"https:\/\/ndp-enghien.org\/pastorale\/wp-content\/uploads\/2026\/01\/Conf-3-768x1024.jpg 768w, https:\/\/ndp-enghien.org\/pastorale\/wp-content\/uploads\/2026\/01\/Conf-3-225x300.jpg 225w, https:\/\/ndp-enghien.org\/pastorale\/wp-content\/uploads\/2026\/01\/Conf-3-1152x1536.jpg 1152w, https:\/\/ndp-enghien.org\/pastorale\/wp-content\/uploads\/2026\/01\/Conf-3.jpg 1200w\" sizes=\"(max-width: 768px) 100vw, 768px\" \/><\/a><\/figure>\n\n\n\n<figure class=\"wp-block-image size-large\"><a href=\"https:\/\/ndp-enghien.org\/pastorale\/wp-content\/uploads\/2026\/01\/Rencontre-conf.jpg\"><img decoding=\"async\" width=\"768\" height=\"1024\" data-id=\"2010\" src=\"https:\/\/ndp-enghien.org\/pastorale\/wp-content\/uploads\/2026\/01\/Rencontre-conf-768x1024.jpg\" alt=\"\" class=\"wp-image-2010\" srcset=\"https:\/\/ndp-enghien.org\/pastorale\/wp-content\/uploads\/2026\/01\/Rencontre-conf-768x1024.jpg 768w, https:\/\/ndp-enghien.org\/pastorale\/wp-content\/uploads\/2026\/01\/Rencontre-conf-225x300.jpg 225w, https:\/\/ndp-enghien.org\/pastorale\/wp-content\/uploads\/2026\/01\/Rencontre-conf-1152x1536.jpg 1152w, https:\/\/ndp-enghien.org\/pastorale\/wp-content\/uploads\/2026\/01\/Rencontre-conf.jpg 1200w\" sizes=\"(max-width: 768px) 100vw, 768px\" \/><\/a><\/figure>\n\n\n\n<figure class=\"wp-block-image size-large\"><a href=\"https:\/\/ndp-enghien.org\/pastorale\/wp-content\/uploads\/2026\/01\/COnf-2.jpg\"><img decoding=\"async\" width=\"768\" height=\"1024\" data-id=\"2011\" src=\"https:\/\/ndp-enghien.org\/pastorale\/wp-content\/uploads\/2026\/01\/COnf-2-768x1024.jpg\" alt=\"\" class=\"wp-image-2011\" srcset=\"https:\/\/ndp-enghien.org\/pastorale\/wp-content\/uploads\/2026\/01\/COnf-2-768x1024.jpg 768w, https:\/\/ndp-enghien.org\/pastorale\/wp-content\/uploads\/2026\/01\/COnf-2-225x300.jpg 225w, https:\/\/ndp-enghien.org\/pastorale\/wp-content\/uploads\/2026\/01\/COnf-2-1152x1536.jpg 1152w, https:\/\/ndp-enghien.org\/pastorale\/wp-content\/uploads\/2026\/01\/COnf-2.jpg 1200w\" sizes=\"(max-width: 768px) 100vw, 768px\" \/><\/a><\/figure>\n\n\n\n<figure class=\"wp-block-image size-large\"><a href=\"https:\/\/ndp-enghien.org\/pastorale\/wp-content\/uploads\/2026\/01\/COnf-4.jpg\"><img loading=\"lazy\" decoding=\"async\" width=\"1024\" height=\"768\" data-id=\"2012\" src=\"https:\/\/ndp-enghien.org\/pastorale\/wp-content\/uploads\/2026\/01\/COnf-4-1024x768.jpg\" alt=\"\" class=\"wp-image-2012\" srcset=\"https:\/\/ndp-enghien.org\/pastorale\/wp-content\/uploads\/2026\/01\/COnf-4-1024x768.jpg 1024w, https:\/\/ndp-enghien.org\/pastorale\/wp-content\/uploads\/2026\/01\/COnf-4-300x225.jpg 300w, https:\/\/ndp-enghien.org\/pastorale\/wp-content\/uploads\/2026\/01\/COnf-4-768x576.jpg 768w, https:\/\/ndp-enghien.org\/pastorale\/wp-content\/uploads\/2026\/01\/COnf-4-1536x1152.jpg 1536w, https:\/\/ndp-enghien.org\/pastorale\/wp-content\/uploads\/2026\/01\/COnf-4.jpg 2000w\" sizes=\"(max-width: 1024px) 100vw, 1024px\" \/><\/a><\/figure>\n<\/figure>\n\n\n","protected":false},"excerpt":{"rendered":"<p>Une tr\u00e8s belle rencontre de pr\u00e9paration \u00e0 la confirmation, avec le doyenn\u00e9, \u00e0 eu lieu samedi 10 janvier 2026 \u00e0 Notre-Dame Providence.\u00a0 environ 98 jeunes du doyenn\u00e9 se sont retrouv\u00e9s avec p\u00e8re Jean Delvolv\u00e9, notre aum\u00f4nier, et les responsables des diff\u00e9rentes aum\u00f4neries. La rencontre a commenc\u00e9 par un temps de jeu de brise glace, suivi &#8230; <a href=\"https:\/\/ndp-enghien.org\/pastorale\/?p=2008\" class=\"more-link\">Read More<span class=\"screen-reader-text\"> \u00ab\u00a0Pr\u00e9paration \u00e0 la confirmation 2026\u00a0\u00bb<\/span> &raquo;<\/a><\/p>\n","protected":false},"author":4,"featured_media":2009,"comment_status":"closed","ping_status":"closed","sticky":false,"template":"","format":"standard","meta":{"footnotes":""},"categories":[1,55],"tags":[],"class_list":["post-2008","post","type-post","status-publish","format-standard","has-post-thumbnail","hentry","category-archives","category-actu"],"_links":{"self":[{"href":"https:\/\/ndp-enghien.org\/pastorale\/index.php?rest_route=\/wp\/v2\/posts\/2008","targetHints":{"allow":["GET"]}}],"collection":[{"href":"https:\/\/ndp-enghien.org\/pastorale\/index.php?rest_route=\/wp\/v2\/posts"}],"about":[{"href":"https:\/\/ndp-enghien.org\/pastorale\/index.php?rest_route=\/wp\/v2\/types\/post"}],"author":[{"embeddable":true,"href":"https:\/\/ndp-enghien.org\/pastorale\/index.php?rest_route=\/wp\/v2\/users\/4"}],"replies":[{"embeddable":true,"href":"https:\/\/ndp-enghien.org\/pastorale\/index.php?rest_route=%2Fwp%2Fv2%2Fcomments&post=2008"}],"version-history":[{"count":2,"href":"https:\/\/ndp-enghien.org\/pastorale\/index.php?rest_route=\/wp\/v2\/posts\/2008\/revisions"}],"predecessor-version":[{"id":2014,"href":"https:\/\/ndp-enghien.org\/pastorale\/index.php?rest_route=\/wp\/v2\/posts\/2008\/revisions\/2014"}],"wp:featuredmedia":[{"embeddable":true,"href":"https:\/\/ndp-enghien.org\/pastorale\/index.php?rest_route=\/wp\/v2\/media\/2009"}],"wp:attachment":[{"href":"https:\/\/ndp-enghien.org\/pastorale\/index.php?rest_route=%2Fwp%2Fv2%2Fmedia&parent=2008"}],"wp:term":[{"taxonomy":"category","embeddable":true,"href":"https:\/\/ndp-enghien.org\/pastorale\/index.php?rest_route=%2Fwp%2Fv2%2Fcategories&post=2008"},{"taxonomy":"post_tag","embeddable":true,"href":"https:\/\/ndp-enghien.org\/pastorale\/index.php?rest_route=%2Fwp%2Fv2%2Ftags&post=2008"}],"curies":[{"name":"wp","href":"https:\/\/api.w.org\/{rel}","templated":true}]}}